{"id":967,"date":"2017-02-22T20:39:29","date_gmt":"2017-02-22T20:39:29","guid":{"rendered":"http:\/\/felds.de\/?p=967"},"modified":"2017-02-22T21:03:32","modified_gmt":"2017-02-22T21:03:32","slug":"logbucheintrag-2017-0222","status":"publish","type":"post","link":"https:\/\/felds.de\/?p=967","title":{"rendered":"Logbucheintrag 2017, 0222"},"content":{"rendered":"<p><strong>Mission: <\/strong>slow down<br \/>\n<strong>Etappe: <\/strong>finde den Ort mit den meisten Touris<br \/>\n<strong>Ziel: <\/strong>Gullfoss<\/p>\n<p>Erkenntnis des heutigen Tages: auch in Island wird es doch fr\u00fcher hell. Erinnert ihr euch? Ich wollte euch in einem fr\u00fcheren Bericht beeindrucken, indem ich geschrieben habe, die Sonne geht erst um 10:00 auf&#8230; Falsch gedacht &#8211; Dank des gestrigen sternenklarem Himmel wird mir das klar, als ich um 8:00 die Augen aufmache umd mich wundere: heut haste lang geschlafen, es muss ja schon mind. 10:00 Uhr durxh sein, weils soooo hell ist.&#x1f31e;<\/p>\n<p>Ein wundersch\u00f6ner Morgen wenn die Wolken die Sonne auf die Insel durchlassen.<\/p>\n<p><a href=\"http:\/\/felds.de\/wp-content\/uploads\/2017\/02\/IMG_0824.jpg\"><img loading=\"lazy\" src=\"http:\/\/felds.de\/wp-content\/uploads\/2017\/02\/IMG_0824-300x225.jpg\" alt=\"\" width=\"300\" height=\"225\" class=\"alignnone size-medium wp-image-973\" srcset=\"https:\/\/felds.de\/wp-content\/uploads\/2017\/02\/IMG_0824-300x225.jpg 300w, https:\/\/felds.de\/wp-content\/uploads\/2017\/02\/IMG_0824-768x576.jpg 768w, https:\/\/felds.de\/wp-content\/uploads\/2017\/02\/IMG_0824-1024x768.jpg 1024w, https:\/\/felds.de\/wp-content\/uploads\/2017\/02\/IMG_0824-400x300.jpg 400w, https:\/\/felds.de\/wp-content\/uploads\/2017\/02\/IMG_0824.jpg 1632w\" sizes=\"(max-width: 300px) 100vw, 300px\" \/><\/a><\/p>\n<p><em>Bleibe nicht am Boden heften, frisch gewagt und frisch hinaus!<br \/>\nKopf und Arm mit heitern Kr\u00e4ften, \u00dcberall sind sie zu Haus;<br \/>\nWo wir uns der Sonne freuen, sind wir jede Sorge los.<br \/>\nDa\u00df wir uns in ihr zerstreuen, darum ist die Welt so gro\u00df.<\/em><br \/>\nJohann Wolfgang von Goethe<\/p>\n<p>Doch weiter zum <strong>Gullfoss&#8230;<\/strong><\/p>\n<p>Dass es diesen Wasserfall noch gibt, ist dem Einsatz einer Isl\u00e4nderin Eines nahegelegenen Hofes zu verdanken, die in den 20igern gegen den Bau eines Elektrizit\u00e4tswerks am Wasserfall anging. Eine englische Gesellschaft hatte den Wasserfall gepachtet, um einen Staudamm zu errichten und Strom zu erzeugen. Nach jahrelangem Rechtsstreit, als alle Anstrengungen hoffnungslos erschienen und die Isl\u00e4nderin mit dem Freitod in den Fluten drohte, konnte der Vertrag schlie\u00dflich aufgrund einer zu sp\u00e4t gezahlten Pacht aufgel\u00f6st werden und ging schlie\u00dflich zur\u00fcck an den isl\u00e4ndischen Staat. Ein Gl\u00fcck, denn so einen Anblick darf der Mensch einfach nicht zerst\u00f6ren, auch wenn es nur so vor Touristen incl. uns so wimmelt. &#x1f607;<\/p>\n<p><a href=\"http:\/\/felds.de\/wp-content\/uploads\/2017\/02\/IMG_0820.jpg\"><img loading=\"lazy\" src=\"http:\/\/felds.de\/wp-content\/uploads\/2017\/02\/IMG_0820-300x168.jpg\" alt=\"\" width=\"300\" height=\"168\" class=\"alignnone size-medium wp-image-970\" srcset=\"https:\/\/felds.de\/wp-content\/uploads\/2017\/02\/IMG_0820-300x168.jpg 300w, https:\/\/felds.de\/wp-content\/uploads\/2017\/02\/IMG_0820-768x431.jpg 768w, https:\/\/felds.de\/wp-content\/uploads\/2017\/02\/IMG_0820-1024x575.jpg 1024w, https:\/\/felds.de\/wp-content\/uploads\/2017\/02\/IMG_0820-500x281.jpg 500w, https:\/\/felds.de\/wp-content\/uploads\/2017\/02\/IMG_0820.jpg 2046w\" sizes=\"(max-width: 300px) 100vw, 300px\" \/><\/a><\/p>\n<p><a href=\"http:\/\/felds.de\/wp-content\/uploads\/2017\/02\/IMG_0821.jpg\"><img loading=\"lazy\" src=\"http:\/\/felds.de\/wp-content\/uploads\/2017\/02\/IMG_0821-300x166.jpg\" alt=\"\" width=\"300\" height=\"166\" class=\"alignnone size-medium wp-image-971\" srcset=\"https:\/\/felds.de\/wp-content\/uploads\/2017\/02\/IMG_0821-300x166.jpg 300w, https:\/\/felds.de\/wp-content\/uploads\/2017\/02\/IMG_0821-768x426.jpg 768w, https:\/\/felds.de\/wp-content\/uploads\/2017\/02\/IMG_0821-1024x568.jpg 1024w, https:\/\/felds.de\/wp-content\/uploads\/2017\/02\/IMG_0821-500x277.jpg 500w, https:\/\/felds.de\/wp-content\/uploads\/2017\/02\/IMG_0821.jpg 2047w\" sizes=\"(max-width: 300px) 100vw, 300px\" \/><\/a><\/p>\n<p><a href=\"http:\/\/felds.de\/wp-content\/uploads\/2017\/02\/IMG_0823.jpg\"><img loading=\"lazy\" src=\"http:\/\/felds.de\/wp-content\/uploads\/2017\/02\/IMG_0823-300x225.jpg\" alt=\"\" width=\"300\" height=\"225\" class=\"alignnone size-medium wp-image-974\" srcset=\"https:\/\/felds.de\/wp-content\/uploads\/2017\/02\/IMG_0823-300x225.jpg 300w, https:\/\/felds.de\/wp-content\/uploads\/2017\/02\/IMG_0823-768x576.jpg 768w, https:\/\/felds.de\/wp-content\/uploads\/2017\/02\/IMG_0823-1024x768.jpg 1024w, https:\/\/felds.de\/wp-content\/uploads\/2017\/02\/IMG_0823-400x300.jpg 400w, https:\/\/felds.de\/wp-content\/uploads\/2017\/02\/IMG_0823.jpg 1280w\" sizes=\"(max-width: 300px) 100vw, 300px\" \/><\/a><\/p>\n<p>Auf dem R\u00fcckweg machen wir einen Abstecher ins whiteout: \u2603<\/p>\n<p><a href=\"http:\/\/felds.de\/wp-content\/uploads\/2017\/02\/IMG_0822.jpg\"><img loading=\"lazy\" src=\"http:\/\/felds.de\/wp-content\/uploads\/2017\/02\/IMG_0822-300x95.jpg\" alt=\"\" width=\"300\" height=\"95\" class=\"alignnone size-medium wp-image-975\" srcset=\"https:\/\/felds.de\/wp-content\/uploads\/2017\/02\/IMG_0822-300x95.jpg 300w, https:\/\/felds.de\/wp-content\/uploads\/2017\/02\/IMG_0822-768x242.jpg 768w, https:\/\/felds.de\/wp-content\/uploads\/2017\/02\/IMG_0822-1024x323.jpg 1024w, https:\/\/felds.de\/wp-content\/uploads\/2017\/02\/IMG_0822-500x158.jpg 500w\" sizes=\"(max-width: 300px) 100vw, 300px\" \/><\/a><\/p>\n<p>Als Whiteout wird die Helligkeit beschrieben, die bei schneebedecktem Boden und  ged\u00e4mpftem Sonnenlicht (durch Bew\u00f6lkung, Nebel oder Schneefall) beobachtet werden kann. Es kommt zu einer sehr starken Kontrastverringerung, das gesamte Blickfeld scheint gleichm\u00e4\u00dfig hell zu sein. Das hat ein Verschwinden des Horizontes zur Folge; Boden und Himmel gehen nahtlos ineinander \u00fcber. Auch Konturen oder Schatten sind nicht mehr erkennbar und der Beobachter hat das Gef\u00fchl, sich in einem v\u00f6llig leeren, unendlich ausgedehnten grauen Raum zu befinden.<\/p>\n<p>Naja es sah schlimmer aus als es war &#8211; wir haben den R\u00fcckweg wieder gefunden &#x1f43e;<\/p>\n<p><a href=\"http:\/\/felds.de\/wp-content\/uploads\/2017\/02\/IMG_0828.jpg\"><img loading=\"lazy\" src=\"http:\/\/felds.de\/wp-content\/uploads\/2017\/02\/IMG_0828-300x169.jpg\" alt=\"\" width=\"300\" height=\"169\" class=\"alignnone size-medium wp-image-978\" srcset=\"https:\/\/felds.de\/wp-content\/uploads\/2017\/02\/IMG_0828-300x169.jpg 300w, https:\/\/felds.de\/wp-content\/uploads\/2017\/02\/IMG_0828-768x432.jpg 768w, https:\/\/felds.de\/wp-content\/uploads\/2017\/02\/IMG_0828-1024x576.jpg 1024w, https:\/\/felds.de\/wp-content\/uploads\/2017\/02\/IMG_0828-500x281.jpg 500w, https:\/\/felds.de\/wp-content\/uploads\/2017\/02\/IMG_0828.jpg 2030w\" sizes=\"(max-width: 300px) 100vw, 300px\" \/><\/a><\/p>\n","protected":false},"excerpt":{"rendered":"<p>Mission: slow down Etappe: finde den Ort mit den meisten Touris Ziel: Gullfoss Erkenntnis des heutigen Tages: auch in Island wird es doch fr\u00fcher hell. Erinnert ihr euch? Ich wollte euch in einem fr\u00fcheren Bericht beeindrucken, indem ich geschrieben habe, &hellip; <a href=\"https:\/\/felds.de\/?p=967\">Weiterlesen <span class=\"meta-nav\">&rarr;<\/span><\/a><\/p>\n","protected":false},"author":1,"featured_media":0,"comment_status":"open","ping_status":"closed","sticky":false,"template":"","format":"standard","meta":[],"categories":[15],"tags":[],"_links":{"self":[{"href":"https:\/\/felds.de\/index.php?rest_route=\/wp\/v2\/posts\/967"}],"collection":[{"href":"https:\/\/felds.de\/index.php?rest_route=\/wp\/v2\/posts"}],"about":[{"href":"https:\/\/felds.de\/index.php?rest_route=\/wp\/v2\/types\/post"}],"author":[{"embeddable":true,"href":"https:\/\/felds.de\/index.php?rest_route=\/wp\/v2\/users\/1"}],"replies":[{"embeddable":true,"href":"https:\/\/felds.de\/index.php?rest_route=%2Fwp%2Fv2%2Fcomments&post=967"}],"version-history":[{"count":8,"href":"https:\/\/felds.de\/index.php?rest_route=\/wp\/v2\/posts\/967\/revisions"}],"predecessor-version":[{"id":981,"href":"https:\/\/felds.de\/index.php?rest_route=\/wp\/v2\/posts\/967\/revisions\/981"}],"wp:attachment":[{"href":"https:\/\/felds.de\/index.php?rest_route=%2Fwp%2Fv2%2Fmedia&parent=967"}],"wp:term":[{"taxonomy":"category","embeddable":true,"href":"https:\/\/felds.de\/index.php?rest_route=%2Fwp%2Fv2%2Fcategories&post=967"},{"taxonomy":"post_tag","embeddable":true,"href":"https:\/\/felds.de\/index.php?rest_route=%2Fwp%2Fv2%2Ftags&post=967"}],"curies":[{"name":"wp","href":"https:\/\/api.w.org\/{rel}","templated":true}]}}