{"id":809,"date":"2016-06-05T21:01:33","date_gmt":"2016-06-05T21:01:33","guid":{"rendered":"http:\/\/felds.de\/?p=809"},"modified":"2016-06-07T21:01:40","modified_gmt":"2016-06-07T21:01:40","slug":"logbucheintrag-20160605","status":"publish","type":"post","link":"https:\/\/felds.de\/?p=809","title":{"rendered":"Logbucheintrag 2016,0605"},"content":{"rendered":"<p><strong>Mission<\/strong>: km z\u00e4hlen<br \/>\n<strong>Etappe<\/strong>: wild atlantic way<br \/>\n<strong>Ziel<\/strong>: die Aussicht geniessen<\/p>\n<p>seit 3 Tagen nun sind wir auf dem Wild Atlantic Way unterwegs. Dieser erstreckt sich \u00fcber 2500km an der Westk\u00fcste Irlands und gilt als eine der sch\u00f6nsten K\u00fcstenstrassen der Welt. <\/p>\n<p>Die sch\u00f6nsten Pl\u00e4tze sind immer die, die man durch Zufall findet &#8211; so auch Malin Beg.<br \/>\nDer Ort ist zwar f\u00fcr seinen Silver Strand bekannt, diese ist es jedoch nicht welcher uns magisch anzieht. Es ist vielmehr eine kleine Bucht &#8211; in der ein Felsenmonolith aus den Atlantik ragt.<\/p>\n<p><a href=\"http:\/\/felds.de\/wp-content\/uploads\/2016\/06\/image.png\" rel=\"attachment wp-att-810\"><img loading=\"lazy\" src=\"http:\/\/felds.de\/wp-content\/uploads\/2016\/06\/image-169x300.png\" alt=\"image\" width=\"169\" height=\"300\" class=\"alignnone size-medium wp-image-810\" srcset=\"https:\/\/felds.de\/wp-content\/uploads\/2016\/06\/image-169x300.png 169w, https:\/\/felds.de\/wp-content\/uploads\/2016\/06\/image-577x1024.png 577w, https:\/\/felds.de\/wp-content\/uploads\/2016\/06\/image.png 640w\" sizes=\"(max-width: 169px) 100vw, 169px\" \/><\/a><\/p>\n<p><a href=\"http:\/\/felds.de\/wp-content\/uploads\/2016\/06\/image-4.png\" rel=\"attachment wp-att-811\"><img loading=\"lazy\" src=\"http:\/\/felds.de\/wp-content\/uploads\/2016\/06\/image-4-169x300.png\" alt=\"image\" width=\"169\" height=\"300\" class=\"alignnone size-medium wp-image-811\" srcset=\"https:\/\/felds.de\/wp-content\/uploads\/2016\/06\/image-4-169x300.png 169w, https:\/\/felds.de\/wp-content\/uploads\/2016\/06\/image-4-577x1024.png 577w, https:\/\/felds.de\/wp-content\/uploads\/2016\/06\/image-4.png 640w\" sizes=\"(max-width: 169px) 100vw, 169px\" \/><\/a><\/p>\n<p><a href=\"http:\/\/felds.de\/wp-content\/uploads\/2016\/06\/image-16.jpeg\" rel=\"attachment wp-att-812\"><img loading=\"lazy\" src=\"http:\/\/felds.de\/wp-content\/uploads\/2016\/06\/image-16-300x225.jpeg\" alt=\"image\" width=\"300\" height=\"225\" class=\"alignnone size-medium wp-image-812\" srcset=\"https:\/\/felds.de\/wp-content\/uploads\/2016\/06\/image-16-300x225.jpeg 300w, https:\/\/felds.de\/wp-content\/uploads\/2016\/06\/image-16-768x577.jpeg 768w, https:\/\/felds.de\/wp-content\/uploads\/2016\/06\/image-16-400x300.jpeg 400w, https:\/\/felds.de\/wp-content\/uploads\/2016\/06\/image-16.jpeg 847w\" sizes=\"(max-width: 300px) 100vw, 300px\" \/><\/a><\/p>\n<p>Weiter gehts in s\u00fcdliche Richtung &#8211; unser Nachtlager schlagen wir in Ballina auf.<\/p>\n<p>Unser Weg verl\u00e4uft weiter in s\u00fcdliche Richtung &#8211; immer weiter auf dem Wild Atlantic Way &#8211; aus den gelben Ginsterb\u00fcschen sind inzwischen pinkfarbene Rhododendronb\u00fcsche in unglaublichem Ausma\u00df geworden &#8211; die in der Sonne nur so leuchten.<\/p>\n<p>Bild folgt<\/p>\n<p>Der Weg f\u00fchrt uns durch ein atemberaubendes Tal, Henryk meint es sieht sogar ein bisschen wie Norwegen aus &#8211; darauf meine ich: man m\u00fcsste die Schafe mit Rentiere. ersetzen, da w\u00e4re es ein bisschen wie Norwegen, aber nur ein bisschen.<\/p>\n<p><a href=\"http:\/\/felds.de\/wp-content\/uploads\/2016\/06\/image-24.jpeg\" rel=\"attachment wp-att-826\"><img loading=\"lazy\" src=\"http:\/\/felds.de\/wp-content\/uploads\/2016\/06\/image-24-300x167.jpeg\" alt=\"image\" width=\"300\" height=\"167\" class=\"alignnone size-medium wp-image-826\" srcset=\"https:\/\/felds.de\/wp-content\/uploads\/2016\/06\/image-24-300x167.jpeg 300w, https:\/\/felds.de\/wp-content\/uploads\/2016\/06\/image-24-768x427.jpeg 768w, https:\/\/felds.de\/wp-content\/uploads\/2016\/06\/image-24-1024x570.jpeg 1024w, https:\/\/felds.de\/wp-content\/uploads\/2016\/06\/image-24-500x278.jpeg 500w, https:\/\/felds.de\/wp-content\/uploads\/2016\/06\/image-24.jpeg 2048w\" sizes=\"(max-width: 300px) 100vw, 300px\" \/><\/a><\/p>\n<p>Apropo Schafe! Schafe sind wirklich dumm &#8211; dort wo auch im er sie eine L\u00fccke im Zaun gefunden haben, wackeln die Shaun&#8217;s Irlands auf der Strasse &#8211; v\u00f6llig unbeirrt von rechts nach links, von links nach rechts &#8211; grasen gem\u00fctlich w\u00e4hrend ihr Hinterteil in die Strasse h\u00e4ngt. Ich sage zu mir selber, wenn du mir vor den Ofen l\u00e4ufst, gibts sp\u00e4ter Hackfleisch&#8230;<\/p>\n<p>Wir suchen heute kurz vor Clifden uns ein Nachtlager &#8211; ein sch\u00f6ner Platz mit Zugang zum Strand &#8211; in der Bucht k\u00f6nnen wir sogar Delphine plantschen sehen &#8211; bei Meeresrauschen schlafen wir gem\u00fctlich ein.<\/p>\n<p><a href=\"http:\/\/felds.de\/wp-content\/uploads\/2016\/06\/image-17.jpeg\" rel=\"attachment wp-att-813\"><img loading=\"lazy\" src=\"http:\/\/felds.de\/wp-content\/uploads\/2016\/06\/image-17-300x228.jpeg\" alt=\"image\" width=\"300\" height=\"228\" class=\"alignnone size-medium wp-image-813\" srcset=\"https:\/\/felds.de\/wp-content\/uploads\/2016\/06\/image-17-300x228.jpeg 300w, https:\/\/felds.de\/wp-content\/uploads\/2016\/06\/image-17-768x584.jpeg 768w, https:\/\/felds.de\/wp-content\/uploads\/2016\/06\/image-17-394x300.jpeg 394w, https:\/\/felds.de\/wp-content\/uploads\/2016\/06\/image-17.jpeg 841w\" sizes=\"(max-width: 300px) 100vw, 300px\" \/><\/a><\/p>\n<p><a href=\"http:\/\/felds.de\/wp-content\/uploads\/2016\/06\/image-18.jpeg\" rel=\"attachment wp-att-814\"><img loading=\"lazy\" src=\"http:\/\/felds.de\/wp-content\/uploads\/2016\/06\/image-18-300x105.jpeg\" alt=\"image\" width=\"300\" height=\"105\" class=\"alignnone size-medium wp-image-814\" srcset=\"https:\/\/felds.de\/wp-content\/uploads\/2016\/06\/image-18-300x105.jpeg 300w, https:\/\/felds.de\/wp-content\/uploads\/2016\/06\/image-18-768x270.jpeg 768w, https:\/\/felds.de\/wp-content\/uploads\/2016\/06\/image-18-1024x360.jpeg 1024w, https:\/\/felds.de\/wp-content\/uploads\/2016\/06\/image-18-500x176.jpeg 500w, https:\/\/felds.de\/wp-content\/uploads\/2016\/06\/image-18.jpeg 1133w\" sizes=\"(max-width: 300px) 100vw, 300px\" \/><\/a><\/p>\n","protected":false},"excerpt":{"rendered":"<p>Mission: km z\u00e4hlen Etappe: wild atlantic way Ziel: die Aussicht geniessen seit 3 Tagen nun sind wir auf dem Wild Atlantic Way unterwegs. Dieser erstreckt sich \u00fcber 2500km an der Westk\u00fcste Irlands und gilt als eine der sch\u00f6nsten K\u00fcstenstrassen der &hellip; <a href=\"https:\/\/felds.de\/?p=809\">Weiterlesen <span class=\"meta-nav\">&rarr;<\/span><\/a><\/p>\n","protected":false},"author":1,"featured_media":0,"comment_status":"open","ping_status":"closed","sticky":false,"template":"","format":"standard","meta":[],"categories":[14],"tags":[],"_links":{"self":[{"href":"https:\/\/felds.de\/index.php?rest_route=\/wp\/v2\/posts\/809"}],"collection":[{"href":"https:\/\/felds.de\/index.php?rest_route=\/wp\/v2\/posts"}],"about":[{"href":"https:\/\/felds.de\/index.php?rest_route=\/wp\/v2\/types\/post"}],"author":[{"embeddable":true,"href":"https:\/\/felds.de\/index.php?rest_route=\/wp\/v2\/users\/1"}],"replies":[{"embeddable":true,"href":"https:\/\/felds.de\/index.php?rest_route=%2Fwp%2Fv2%2Fcomments&post=809"}],"version-history":[{"count":2,"href":"https:\/\/felds.de\/index.php?rest_route=\/wp\/v2\/posts\/809\/revisions"}],"predecessor-version":[{"id":827,"href":"https:\/\/felds.de\/index.php?rest_route=\/wp\/v2\/posts\/809\/revisions\/827"}],"wp:attachment":[{"href":"https:\/\/felds.de\/index.php?rest_route=%2Fwp%2Fv2%2Fmedia&parent=809"}],"wp:term":[{"taxonomy":"category","embeddable":true,"href":"https:\/\/felds.de\/index.php?rest_route=%2Fwp%2Fv2%2Fcategories&post=809"},{"taxonomy":"post_tag","embeddable":true,"href":"https:\/\/felds.de\/index.php?rest_route=%2Fwp%2Fv2%2Ftags&post=809"}],"curies":[{"name":"wp","href":"https:\/\/api.w.org\/{rel}","templated":true}]}}