{"id":782,"date":"2016-06-02T17:00:52","date_gmt":"2016-06-02T17:00:52","guid":{"rendered":"http:\/\/felds.de\/?p=782"},"modified":"2016-06-03T06:20:18","modified_gmt":"2016-06-03T06:20:18","slug":"logbucheintrag-20160602","status":"publish","type":"post","link":"https:\/\/felds.de\/?p=782","title":{"rendered":"Logbucheintrag 2016,0602"},"content":{"rendered":"<p><strong>Mission: <\/strong>Ruinen z\u00e4hlen<br \/>\n<strong>Etappe: <\/strong>westw\u00e4rts<br \/>\n<strong>Ziel: <\/strong>raus aus Nordirland<\/p>\n<p>Ach es ist einfach zu sch\u00f6n hier im Norden Irlands &#8211; wir k\u00f6nnen uns einfach nicht satt sehen an der Landschaft &#8211; heute steht noch folgendes auf dem Programm:<\/p>\n<p>The Dark Hedge &#8211; Dunluce Castle &#8211; Mussenden Temple<\/p>\n<p>The Dark Hedge ist eine Allee mit Buchen aus dem 18ten Jahrhundert die von der Familie Stuart gepflanzt wurden &#8211; diese Allee hat aber unl\u00e4ngst herbe Verluste zu verzeichnen: ein Sturm hat 2 riesige B\u00e4ume umgerissen &#8211; auch mittendrin schein die Allee &#8222;Zahnl\u00fccken&#8220; zu haben &#8211; ein nettes Schild weist uns darauf hin, das die B\u00e4ume bei starkem Wind umfallen k\u00f6nnen und wir auf eigene Gefahr dadurch wackeln. Windig ist es schon, aber die B\u00e4ume halten.<\/p>\n<p><a href=\"http:\/\/felds.de\/wp-content\/uploads\/2016\/06\/image-6.jpeg\" rel=\"attachment wp-att-786\"><img loading=\"lazy\" src=\"http:\/\/felds.de\/wp-content\/uploads\/2016\/06\/image-6-300x229.jpeg\" alt=\"image\" width=\"300\" height=\"229\" class=\"alignnone size-medium wp-image-786\" srcset=\"https:\/\/felds.de\/wp-content\/uploads\/2016\/06\/image-6-300x229.jpeg 300w, https:\/\/felds.de\/wp-content\/uploads\/2016\/06\/image-6-768x587.jpeg 768w, https:\/\/felds.de\/wp-content\/uploads\/2016\/06\/image-6-393x300.jpeg 393w, https:\/\/felds.de\/wp-content\/uploads\/2016\/06\/image-6.jpeg 838w\" sizes=\"(max-width: 300px) 100vw, 300px\" \/><\/a><\/p>\n<p>Weiter gehts zu der Ruine von Dunluce Castle &#8211; Die Urspr\u00fcnge der Burg reichen weit zur\u00fcck, auf dem Basaltfelsen soll sich gar schon ein vorchristliches Ringfort befunden haben. Dokumentiert ist, dass es im Jahre 1513 in den H\u00e4nden der Familie McQuillian war. Die Burg wurde oft belagert und im Jahre 1584 von den MacDonnells \u00fcbernommen.<\/p>\n<p><a href=\"http:\/\/felds.de\/wp-content\/uploads\/2016\/06\/image-8.jpeg\" rel=\"attachment wp-att-791\"><img loading=\"lazy\" src=\"http:\/\/felds.de\/wp-content\/uploads\/2016\/06\/image-8-300x201.jpeg\" alt=\"image\" width=\"300\" height=\"201\" class=\"alignnone size-medium wp-image-791\" srcset=\"https:\/\/felds.de\/wp-content\/uploads\/2016\/06\/image-8-300x201.jpeg 300w, https:\/\/felds.de\/wp-content\/uploads\/2016\/06\/image-8-768x513.jpeg 768w, https:\/\/felds.de\/wp-content\/uploads\/2016\/06\/image-8-1024x685.jpeg 1024w, https:\/\/felds.de\/wp-content\/uploads\/2016\/06\/image-8-449x300.jpeg 449w, https:\/\/felds.de\/wp-content\/uploads\/2016\/06\/image-8.jpeg 2048w\" sizes=\"(max-width: 300px) 100vw, 300px\" \/><\/a><\/p>\n<p>In der Mitte des 17. Jahrhunderts wurde die Burg aufgegeben, der Legende nach, weil den Eigent\u00fcmern das Brausen des Meeres zu laut geworden sei. Gem\u00e4\u00df einer anderen Version soll die Aufgabe der Burg damit in Zusammenhang stehen, dass 1639 die neu errichtete K\u00fcche mitsamt Personal ins Meer abgerutscht ist.<\/p>\n<p>Noch weiter westlich treffen wir auf den Mussenden Temple. Hierhat sich ein exzentrischer Earl verewigt &#8211; Earl Bishop hat im 18th Jahrhundert ein Anwesen direkt an den n\u00f6rdlichen Klippen Irlands errichtet &#8211; darunter den Mussenden Temple welcher aus vielen Bildern bekannt ist &#8211; den Temple als B\u00fccherei eingerichtet, nutzte der Earl nicht nur wegen der sch\u00f6nen Aussicht zum verweilen, sondern auch gern um ein Sch\u00e4ferst\u00fcndchen mit seiner Geliebten abzuhalten w\u00e4hrend seine Frau oben im Haupthaus ihren Aufgaben nach ging, so berichtet uns zumindest der Guide. <\/p>\n<p><a href=\"http:\/\/felds.de\/wp-content\/uploads\/2016\/06\/image-7.jpeg\" rel=\"attachment wp-att-788\"><img loading=\"lazy\" src=\"http:\/\/felds.de\/wp-content\/uploads\/2016\/06\/image-7-300x119.jpeg\" alt=\"image\" width=\"300\" height=\"119\" class=\"alignnone size-medium wp-image-788\" srcset=\"https:\/\/felds.de\/wp-content\/uploads\/2016\/06\/image-7-300x119.jpeg 300w, https:\/\/felds.de\/wp-content\/uploads\/2016\/06\/image-7-768x304.jpeg 768w, https:\/\/felds.de\/wp-content\/uploads\/2016\/06\/image-7-1024x406.jpeg 1024w, https:\/\/felds.de\/wp-content\/uploads\/2016\/06\/image-7-500x198.jpeg 500w, https:\/\/felds.de\/wp-content\/uploads\/2016\/06\/image-7.jpeg 1133w\" sizes=\"(max-width: 300px) 100vw, 300px\" \/><\/a><\/p>\n<p><a href=\"http:\/\/felds.de\/wp-content\/uploads\/2016\/06\/image-9.jpeg\" rel=\"attachment wp-att-793\"><img loading=\"lazy\" src=\"http:\/\/felds.de\/wp-content\/uploads\/2016\/06\/image-9-300x197.jpeg\" alt=\"image\" width=\"300\" height=\"197\" class=\"alignnone size-medium wp-image-793\" srcset=\"https:\/\/felds.de\/wp-content\/uploads\/2016\/06\/image-9-300x197.jpeg 300w, https:\/\/felds.de\/wp-content\/uploads\/2016\/06\/image-9-768x503.jpeg 768w, https:\/\/felds.de\/wp-content\/uploads\/2016\/06\/image-9-1024x671.jpeg 1024w, https:\/\/felds.de\/wp-content\/uploads\/2016\/06\/image-9-458x300.jpeg 458w, https:\/\/felds.de\/wp-content\/uploads\/2016\/06\/image-9.jpeg 2048w\" sizes=\"(max-width: 300px) 100vw, 300px\" \/><\/a><\/p>\n<p>Als wir zur\u00fcck kommen, erwartet uns ein Zettel eingeklemmt an meinem Rucksack: &#8222;A N\u00fcrnbercher und F\u00fcrther Bikersbua&#8220; tja damit haben die Franken nicht gerechnet, das der F\u00fcrther Bua a M\u00e4del ist &#8211; ein \u00e4lteres Ehepaar kommt auf uns zu gewackelt &#8211; die sind schon seit 4 Wochen unterwegs, England, Schottland und jetzt noch Irland&#8230; Rentner m\u00fcsste man sein&#8230;<\/p>\n<p>Weit gekommen sind wir heute nicht, das Ziel Nordirland zu verlassen haben wir knapp verfehlt &#8211; wir lassen den Abend mit Grill und Cider ausklingen&#8230;<\/p>\n<p>Heute mal am Ende noch ein Zitat:<\/p>\n<p><strong><em>Froh schl\u00e4gt das Herz im Reisekittel, vorausgesetzt man hat die Mittel<\/em><\/strong><br \/>\nWilhelm Busch<\/p>\n","protected":false},"excerpt":{"rendered":"<p>Mission: Ruinen z\u00e4hlen Etappe: westw\u00e4rts Ziel: raus aus Nordirland Ach es ist einfach zu sch\u00f6n hier im Norden Irlands &#8211; wir k\u00f6nnen uns einfach nicht satt sehen an der Landschaft &#8211; heute steht noch folgendes auf dem Programm: The Dark &hellip; <a href=\"https:\/\/felds.de\/?p=782\">Weiterlesen <span class=\"meta-nav\">&rarr;<\/span><\/a><\/p>\n","protected":false},"author":1,"featured_media":0,"comment_status":"open","ping_status":"closed","sticky":false,"template":"","format":"standard","meta":[],"categories":[13],"tags":[],"_links":{"self":[{"href":"https:\/\/felds.de\/index.php?rest_route=\/wp\/v2\/posts\/782"}],"collection":[{"href":"https:\/\/felds.de\/index.php?rest_route=\/wp\/v2\/posts"}],"about":[{"href":"https:\/\/felds.de\/index.php?rest_route=\/wp\/v2\/types\/post"}],"author":[{"embeddable":true,"href":"https:\/\/felds.de\/index.php?rest_route=\/wp\/v2\/users\/1"}],"replies":[{"embeddable":true,"href":"https:\/\/felds.de\/index.php?rest_route=%2Fwp%2Fv2%2Fcomments&post=782"}],"version-history":[{"count":8,"href":"https:\/\/felds.de\/index.php?rest_route=\/wp\/v2\/posts\/782\/revisions"}],"predecessor-version":[{"id":794,"href":"https:\/\/felds.de\/index.php?rest_route=\/wp\/v2\/posts\/782\/revisions\/794"}],"wp:attachment":[{"href":"https:\/\/felds.de\/index.php?rest_route=%2Fwp%2Fv2%2Fmedia&parent=782"}],"wp:term":[{"taxonomy":"category","embeddable":true,"href":"https:\/\/felds.de\/index.php?rest_route=%2Fwp%2Fv2%2Fcategories&post=782"},{"taxonomy":"post_tag","embeddable":true,"href":"https:\/\/felds.de\/index.php?rest_route=%2Fwp%2Fv2%2Ftags&post=782"}],"curies":[{"name":"wp","href":"https:\/\/api.w.org\/{rel}","templated":true}]}}