{"id":694,"date":"2016-02-25T18:40:09","date_gmt":"2016-02-25T18:40:09","guid":{"rendered":"http:\/\/felds.de\/?p=694"},"modified":"2020-07-30T16:54:21","modified_gmt":"2020-07-30T16:54:21","slug":"logbucheintrag-20160224","status":"publish","type":"post","link":"https:\/\/felds.de\/?p=694","title":{"rendered":"Logbucheintrag 2016,0224"},"content":{"rendered":"<p><strong>Mission: <\/strong>Zeitreise<br \/>\n<strong>Etappe: <\/strong>auf den Spuren der Wikinger<br \/>\n<strong>Ziel: <\/strong>Borg<\/p>\n<p>Das Volk der Wikinger war sowohl im angels\u00e4chsischen, als auch im skandinavischen Raum vertreten und pflegte seine weiten Reisen sogar bis in den Orient, nach Bagdad oder ins Baltikum sowie Russland auszuweiten. Der Hauptgrund der weitl\u00e4ufigen Reisen und Verbreitung der Wikinger war allem voran der Handel sowie selbstverst\u00e4ndlich die Pl\u00fcnderungsz\u00fcge, f\u00fcr welche die Wikinger nachhaltig so bekannt geworden sind.<\/p>\n<p>Auf den Lofoten liegt die Ausgrabungsst\u00e4tte einer Siedlung, die vermeintlich der Zeit und dem Verfall trotzen wollte: Borg<\/p>\n<p>Die Siedlung geht vom 15ten Jhr. Bis ins 2te Jhr. zur\u00fcck &#8211; in der Wikingerzeit bestand die Siedlung aus \u00fcber 100 H\u00f6fen und an die 2000 Bewohner. In einem Langhaus kann man in die Zeit der Wikinger eintauchen&#8230;<\/p>\n<p><a href=\"http:\/\/felds.de\/wp-content\/uploads\/2016\/02\/image-19.jpeg\" rel=\"attachment wp-att-695\"><img loading=\"lazy\" class=\"alignnone size-medium wp-image-695\" src=\"http:\/\/felds.de\/wp-content\/uploads\/2016\/02\/image-19-300x200.jpeg\" alt=\"image\" width=\"300\" height=\"200\" srcset=\"https:\/\/felds.de\/wp-content\/uploads\/2016\/02\/image-19-300x200.jpeg 300w, https:\/\/felds.de\/wp-content\/uploads\/2016\/02\/image-19-768x513.jpeg 768w, https:\/\/felds.de\/wp-content\/uploads\/2016\/02\/image-19-1024x684.jpeg 1024w, https:\/\/felds.de\/wp-content\/uploads\/2016\/02\/image-19-449x300.jpeg 449w, https:\/\/felds.de\/wp-content\/uploads\/2016\/02\/image-19.jpeg 1616w\" sizes=\"(max-width: 300px) 100vw, 300px\" \/><\/a><\/p>\n<p>Wir setzen uns auf den F\u00fcrstenthron und starten die Zeitreise, anschnallen nicht vergessen. Gesch\u00e4ftiges Treiben und rohe Sitten kommen mir in den Sinn &#8211; b\u00e4rtige M\u00e4nner klappern mit ihrem Holztellern und verlangen nach mehr Gebr\u00e4u&#8230; Ein rauchiger Geruch kommt mir in den Sinn&#8230;<\/p>\n<p><a href=\"http:\/\/felds.de\/wp-content\/uploads\/2016\/02\/image-20.jpeg\" rel=\"attachment wp-att-696\"><img loading=\"lazy\" class=\"alignnone size-medium wp-image-696\" src=\"http:\/\/felds.de\/wp-content\/uploads\/2016\/02\/image-20-300x200.jpeg\" alt=\"image\" width=\"300\" height=\"200\" srcset=\"https:\/\/felds.de\/wp-content\/uploads\/2016\/02\/image-20-300x200.jpeg 300w, https:\/\/felds.de\/wp-content\/uploads\/2016\/02\/image-20-768x513.jpeg 768w, https:\/\/felds.de\/wp-content\/uploads\/2016\/02\/image-20-1024x684.jpeg 1024w, https:\/\/felds.de\/wp-content\/uploads\/2016\/02\/image-20-449x300.jpeg 449w, https:\/\/felds.de\/wp-content\/uploads\/2016\/02\/image-20.jpeg 1616w\" sizes=\"(max-width: 300px) 100vw, 300px\" \/><\/a><\/p>\n<p><a href=\"http:\/\/felds.de\/wp-content\/uploads\/2016\/02\/image-22.jpeg\" rel=\"attachment wp-att-698\"><img loading=\"lazy\" class=\"alignnone size-medium wp-image-698\" src=\"http:\/\/felds.de\/wp-content\/uploads\/2016\/02\/image-22-300x200.jpeg\" alt=\"image\" width=\"300\" height=\"200\" srcset=\"https:\/\/felds.de\/wp-content\/uploads\/2016\/02\/image-22-300x200.jpeg 300w, https:\/\/felds.de\/wp-content\/uploads\/2016\/02\/image-22-768x513.jpeg 768w, https:\/\/felds.de\/wp-content\/uploads\/2016\/02\/image-22-1024x684.jpeg 1024w, https:\/\/felds.de\/wp-content\/uploads\/2016\/02\/image-22-449x300.jpeg 449w, https:\/\/felds.de\/wp-content\/uploads\/2016\/02\/image-22.jpeg 1616w\" sizes=\"(max-width: 300px) 100vw, 300px\" \/><\/a><\/p>\n<p>Ich \u00f6ffne die Augen und bin wieder in der Gegenwart&#8230; Und woran erkannt man die Gegenwart? Am Notausgangschild In Form eines Rasenden Wikingers&#8230;<\/p>\n<p><a href=\"http:\/\/felds.de\/wp-content\/uploads\/2016\/02\/image-23.jpeg\" rel=\"attachment wp-att-699\"><img loading=\"lazy\" class=\"alignnone size-medium wp-image-699\" src=\"http:\/\/felds.de\/wp-content\/uploads\/2016\/02\/image-23-300x200.jpeg\" alt=\"image\" width=\"300\" height=\"200\" srcset=\"https:\/\/felds.de\/wp-content\/uploads\/2016\/02\/image-23-300x200.jpeg 300w, https:\/\/felds.de\/wp-content\/uploads\/2016\/02\/image-23-768x513.jpeg 768w, https:\/\/felds.de\/wp-content\/uploads\/2016\/02\/image-23-1024x684.jpeg 1024w, https:\/\/felds.de\/wp-content\/uploads\/2016\/02\/image-23-449x300.jpeg 449w, https:\/\/felds.de\/wp-content\/uploads\/2016\/02\/image-23.jpeg 1616w\" sizes=\"(max-width: 300px) 100vw, 300px\" \/><\/a><\/p>\n","protected":false},"excerpt":{"rendered":"<p>Mission: Zeitreise Etappe: auf den Spuren der Wikinger Ziel: Borg Das Volk der Wikinger war sowohl im angels\u00e4chsischen, als auch im skandinavischen Raum vertreten und pflegte seine weiten Reisen sogar bis in den Orient, nach Bagdad oder ins Baltikum sowie &hellip; <a href=\"https:\/\/felds.de\/?p=694\">Weiterlesen <span class=\"meta-nav\">&rarr;<\/span><\/a><\/p>\n","protected":false},"author":1,"featured_media":0,"comment_status":"open","ping_status":"closed","sticky":false,"template":"","format":"standard","meta":[],"categories":[11],"tags":[],"_links":{"self":[{"href":"https:\/\/felds.de\/index.php?rest_route=\/wp\/v2\/posts\/694"}],"collection":[{"href":"https:\/\/felds.de\/index.php?rest_route=\/wp\/v2\/posts"}],"about":[{"href":"https:\/\/felds.de\/index.php?rest_route=\/wp\/v2\/types\/post"}],"author":[{"embeddable":true,"href":"https:\/\/felds.de\/index.php?rest_route=\/wp\/v2\/users\/1"}],"replies":[{"embeddable":true,"href":"https:\/\/felds.de\/index.php?rest_route=%2Fwp%2Fv2%2Fcomments&post=694"}],"version-history":[{"count":4,"href":"https:\/\/felds.de\/index.php?rest_route=\/wp\/v2\/posts\/694\/revisions"}],"predecessor-version":[{"id":1420,"href":"https:\/\/felds.de\/index.php?rest_route=\/wp\/v2\/posts\/694\/revisions\/1420"}],"wp:attachment":[{"href":"https:\/\/felds.de\/index.php?rest_route=%2Fwp%2Fv2%2Fmedia&parent=694"}],"wp:term":[{"taxonomy":"category","embeddable":true,"href":"https:\/\/felds.de\/index.php?rest_route=%2Fwp%2Fv2%2Fcategories&post=694"},{"taxonomy":"post_tag","embeddable":true,"href":"https:\/\/felds.de\/index.php?rest_route=%2Fwp%2Fv2%2Ftags&post=694"}],"curies":[{"name":"wp","href":"https:\/\/api.w.org\/{rel}","templated":true}]}}