{"id":680,"date":"2016-02-23T20:38:39","date_gmt":"2016-02-23T20:38:39","guid":{"rendered":"http:\/\/felds.de\/?p=680"},"modified":"2016-02-24T10:34:32","modified_gmt":"2016-02-24T10:34:32","slug":"logbucheintrag-20160222","status":"publish","type":"post","link":"https:\/\/felds.de\/?p=680","title":{"rendered":"Logbucheintrag 2016,0222"},"content":{"rendered":"<p><strong>Mission: <\/strong>Polarlichtj\u00e4ger<br \/>\n<strong>Etappe: <\/strong>sch\u00f6ner als der Morgen und schw\u00e4rzer als die Nacht<br \/>\n<strong>Ziel: <\/strong>Fotosafari<\/p>\n<p>Fr\u00fch um sieben h\u00e4lt mich nichts mehr im Bett als ich pl\u00f6tzlich hellwach bin: klarer Himmel, langsam qu\u00e4lt sich die Sonne hervor. Ich mache los um die Gunst der Stunde zu nutzen. Ich fahre nach Leknes um die grandiose Aussicht zu geniessen und das Erwachen der Sonne zu beobachten.<\/p>\n<p><a href=\"http:\/\/felds.de\/wp-content\/uploads\/2016\/02\/image-13.jpeg\" rel=\"attachment wp-att-681\"><img loading=\"lazy\" src=\"http:\/\/felds.de\/wp-content\/uploads\/2016\/02\/image-13-300x105.jpeg\" alt=\"image\" width=\"300\" height=\"105\" class=\"alignnone size-medium wp-image-681\" srcset=\"https:\/\/felds.de\/wp-content\/uploads\/2016\/02\/image-13-300x105.jpeg 300w, https:\/\/felds.de\/wp-content\/uploads\/2016\/02\/image-13-768x268.jpeg 768w, https:\/\/felds.de\/wp-content\/uploads\/2016\/02\/image-13-1024x357.jpeg 1024w, https:\/\/felds.de\/wp-content\/uploads\/2016\/02\/image-13-500x174.jpeg 500w, https:\/\/felds.de\/wp-content\/uploads\/2016\/02\/image-13.jpeg 2035w\" sizes=\"(max-width: 300px) 100vw, 300px\" \/><\/a><\/p>\n<p><a href=\"http:\/\/felds.de\/wp-content\/uploads\/2016\/02\/image-18.jpeg\" rel=\"attachment wp-att-689\"><img loading=\"lazy\" src=\"http:\/\/felds.de\/wp-content\/uploads\/2016\/02\/image-18-300x199.jpeg\" alt=\"image\" width=\"300\" height=\"199\" class=\"alignnone size-medium wp-image-689\" srcset=\"https:\/\/felds.de\/wp-content\/uploads\/2016\/02\/image-18-300x199.jpeg 300w, https:\/\/felds.de\/wp-content\/uploads\/2016\/02\/image-18-768x510.jpeg 768w, https:\/\/felds.de\/wp-content\/uploads\/2016\/02\/image-18-1024x681.jpeg 1024w, https:\/\/felds.de\/wp-content\/uploads\/2016\/02\/image-18-451x300.jpeg 451w, https:\/\/felds.de\/wp-content\/uploads\/2016\/02\/image-18.jpeg 2048w\" sizes=\"(max-width: 300px) 100vw, 300px\" \/><\/a><\/p>\n<p>\u00dcber dem Haldsv\u00e5gen Fjord lasse ich die Drohne steigen denn immer <em>wenn man die Dinge von oben sieht, kommt es einem vor als ob man die Dinge zum ersten Mal sieht <\/em> und so ist es auch diesmal. Die schneebedeckten Berge t\u00fcrmen sich \u00fcber dem Fjord auf &#8211; die Aussicht l\u00e4sst mein Herz freudig h\u00fcpfen.<\/p>\n<p><a href=\"http:\/\/felds.de\/wp-content\/uploads\/norway2016\/MAH05000.mp4\" target=\"_blank\">Drohnenflug<\/a><\/p>\n<p>Nach dem Fr\u00fchst\u00fcck fahren wir nachmittags an einen Sandstrand: Haukland &#8211; ein unglaublich merkw\u00fcrdiges Bild: Schnee am Strand. Allerdings sind wir bei der K\u00e4lte nicht  bereit uns die Klamotten vom Leib zu reissen und uns in die Fluten zu st\u00fcrzen \u2603<\/p>\n<p><a href=\"http:\/\/felds.de\/wp-content\/uploads\/2016\/02\/image-17.jpeg\" rel=\"attachment wp-att-687\"><img loading=\"lazy\" src=\"http:\/\/felds.de\/wp-content\/uploads\/2016\/02\/image-17-300x200.jpeg\" alt=\"image\" width=\"300\" height=\"200\" class=\"alignnone size-medium wp-image-687\" srcset=\"https:\/\/felds.de\/wp-content\/uploads\/2016\/02\/image-17-300x200.jpeg 300w, https:\/\/felds.de\/wp-content\/uploads\/2016\/02\/image-17-768x513.jpeg 768w, https:\/\/felds.de\/wp-content\/uploads\/2016\/02\/image-17-1024x684.jpeg 1024w, https:\/\/felds.de\/wp-content\/uploads\/2016\/02\/image-17-449x300.jpeg 449w, https:\/\/felds.de\/wp-content\/uploads\/2016\/02\/image-17.jpeg 1616w\" sizes=\"(max-width: 300px) 100vw, 300px\" \/><\/a><\/p>\n<p>Wir lassen uns die Meeresluft um die Nase wehen mir kommt ein neuer Gedanke in den Sinn: das n\u00e4chste Mal muss ich dann noch die Mitternachtssonne sehen &#8211; ein neuer Grund wieder in mein Sehnsuchtsland Norwegen zu fahren! <\/p>\n<p>Abends steht dann noch Polarlicht jagen auf dem Programm: die Vorhersage wird sich bewahrheiten, aber dazu sp\u00e4ter mehr.<\/p>\n<p>Polarlichter entstehen, wenn elektrisch geladene Teilchen des Sonnenwindes (\u00fcberwiegend Elektronen) auf Sauerstoff- und Stickstoffatome in den oberen Schichten der Erdatmosph\u00e4re treffen und diese ionisieren. Bei der nach kurzer Zeit wieder erfolgenden Rekombinatiom wird Licht ausgesandt. Die Sonnenwindteilchen brauchen auf Ihrem Weg zur Erde 2-4 Tage.<\/p>\n<p>Neben der Aurora borealis (Nordlicht) gibt es auch die Aurora australis (S\u00fcdlicht) umd wie soll es anders sein: S\u00fcdlichter kann man am besten in der S\u00fcdpolregion beobachten. Merker f\u00fcr mich: S\u00fcdlichter beobachten auf die ToDo Liste setzen. <\/p>\n<p>Bevor wir nach Unstad fahren machen wir einen Vollmond-Fotostopp&#8230; Der Mondball wirkt zum greifen nah&#8230;<\/p>\n<p><a href=\"http:\/\/felds.de\/wp-content\/uploads\/2016\/02\/image-16.jpeg\" rel=\"attachment wp-att-686\"><img loading=\"lazy\" src=\"http:\/\/felds.de\/wp-content\/uploads\/2016\/02\/image-16-207x300.jpeg\" alt=\"image\" width=\"207\" height=\"300\" class=\"alignnone size-medium wp-image-686\" srcset=\"https:\/\/felds.de\/wp-content\/uploads\/2016\/02\/image-16-207x300.jpeg 207w, https:\/\/felds.de\/wp-content\/uploads\/2016\/02\/image-16-768x1115.jpeg 768w, https:\/\/felds.de\/wp-content\/uploads\/2016\/02\/image-16-706x1024.jpeg 706w, https:\/\/felds.de\/wp-content\/uploads\/2016\/02\/image-16.jpeg 1035w\" sizes=\"(max-width: 207px) 100vw, 207px\" \/><\/a><\/p>\n<p>In Unstad scheint ein geeigneter Ort zur Polarlichtbeobachtung zu sein. W\u00e4hrend wir auf das Licht warten machen wir ein paar Faxen mit der Belichtungsfunktion an der Kamera.<\/p>\n<p>Es wird 21:00, es wird 22:00 Uhr&#8230; kein noch so kleines F\u00fcnkchen Licht will sich zeigen. Aber dann auf dem R\u00fcckweg&#8230;. Das langersehnte Leuchten&#8230;. <\/p>\n<p><a href=\"http:\/\/felds.de\/wp-content\/uploads\/2016\/02\/image-14.jpeg\" rel=\"attachment wp-att-682\"><img loading=\"lazy\" src=\"http:\/\/felds.de\/wp-content\/uploads\/2016\/02\/image-14-300x199.jpeg\" alt=\"image\" width=\"300\" height=\"199\" class=\"alignnone size-medium wp-image-682\" srcset=\"https:\/\/felds.de\/wp-content\/uploads\/2016\/02\/image-14-300x199.jpeg 300w, https:\/\/felds.de\/wp-content\/uploads\/2016\/02\/image-14-768x509.jpeg 768w, https:\/\/felds.de\/wp-content\/uploads\/2016\/02\/image-14-1024x678.jpeg 1024w, https:\/\/felds.de\/wp-content\/uploads\/2016\/02\/image-14-453x300.jpeg 453w, https:\/\/felds.de\/wp-content\/uploads\/2016\/02\/image-14.jpeg 2048w\" sizes=\"(max-width: 300px) 100vw, 300px\" \/><\/a><\/p>\n<p>Das Spaktakel dauert bis in die Nacht: um 1:00 sind wir noch immer draussen unterwegs um das Licht einzufangen. <\/p>\n<p><a href=\"http:\/\/felds.de\/wp-content\/uploads\/2016\/02\/image-15.jpeg\" rel=\"attachment wp-att-683\"><img loading=\"lazy\" src=\"http:\/\/felds.de\/wp-content\/uploads\/2016\/02\/image-15-300x197.jpeg\" alt=\"image\" width=\"300\" height=\"197\" class=\"alignnone size-medium wp-image-683\" srcset=\"https:\/\/felds.de\/wp-content\/uploads\/2016\/02\/image-15-300x197.jpeg 300w, https:\/\/felds.de\/wp-content\/uploads\/2016\/02\/image-15-768x505.jpeg 768w, https:\/\/felds.de\/wp-content\/uploads\/2016\/02\/image-15-1024x674.jpeg 1024w, https:\/\/felds.de\/wp-content\/uploads\/2016\/02\/image-15-456x300.jpeg 456w, https:\/\/felds.de\/wp-content\/uploads\/2016\/02\/image-15.jpeg 2047w\" sizes=\"(max-width: 300px) 100vw, 300px\" \/><\/a><\/p>\n<p>Anmerkung der Redaktion: scharfstellen wird noch ge\u00fcbt <\/p>\n","protected":false},"excerpt":{"rendered":"<p>Mission: Polarlichtj\u00e4ger Etappe: sch\u00f6ner als der Morgen und schw\u00e4rzer als die Nacht Ziel: Fotosafari Fr\u00fch um sieben h\u00e4lt mich nichts mehr im Bett als ich pl\u00f6tzlich hellwach bin: klarer Himmel, langsam qu\u00e4lt sich die Sonne hervor. Ich mache los um &hellip; <a href=\"https:\/\/felds.de\/?p=680\">Weiterlesen <span class=\"meta-nav\">&rarr;<\/span><\/a><\/p>\n","protected":false},"author":1,"featured_media":0,"comment_status":"open","ping_status":"closed","sticky":false,"template":"","format":"standard","meta":[],"categories":[11],"tags":[],"_links":{"self":[{"href":"https:\/\/felds.de\/index.php?rest_route=\/wp\/v2\/posts\/680"}],"collection":[{"href":"https:\/\/felds.de\/index.php?rest_route=\/wp\/v2\/posts"}],"about":[{"href":"https:\/\/felds.de\/index.php?rest_route=\/wp\/v2\/types\/post"}],"author":[{"embeddable":true,"href":"https:\/\/felds.de\/index.php?rest_route=\/wp\/v2\/users\/1"}],"replies":[{"embeddable":true,"href":"https:\/\/felds.de\/index.php?rest_route=%2Fwp%2Fv2%2Fcomments&post=680"}],"version-history":[{"count":6,"href":"https:\/\/felds.de\/index.php?rest_route=\/wp\/v2\/posts\/680\/revisions"}],"predecessor-version":[{"id":693,"href":"https:\/\/felds.de\/index.php?rest_route=\/wp\/v2\/posts\/680\/revisions\/693"}],"wp:attachment":[{"href":"https:\/\/felds.de\/index.php?rest_route=%2Fwp%2Fv2%2Fmedia&parent=680"}],"wp:term":[{"taxonomy":"category","embeddable":true,"href":"https:\/\/felds.de\/index.php?rest_route=%2Fwp%2Fv2%2Fcategories&post=680"},{"taxonomy":"post_tag","embeddable":true,"href":"https:\/\/felds.de\/index.php?rest_route=%2Fwp%2Fv2%2Ftags&post=680"}],"curies":[{"name":"wp","href":"https:\/\/api.w.org\/{rel}","templated":true}]}}