{"id":570,"date":"2015-09-28T19:15:29","date_gmt":"2015-09-28T19:15:29","guid":{"rendered":"http:\/\/felds.de\/?p=570"},"modified":"2015-09-28T19:15:29","modified_gmt":"2015-09-28T19:15:29","slug":"logbucheintrag-20150928","status":"publish","type":"post","link":"https:\/\/felds.de\/?p=570","title":{"rendered":"Logbucheintrag 2015,0928"},"content":{"rendered":"<p><strong>Mission<\/strong>: 3 Grenz\u00fcbertritte in 3 Tagen<br \/>\n<strong>Etappe<\/strong>: Letzte Grenze voraus<br \/>\n<strong>Ziel<\/strong>: Kroatien<\/p>\n<p>Willkommen zur\u00fcck und und ihr seid &#8222;live&#8220; dabei, wenn es wieder hei\u00dft: &#8222;Fels on the road again&#8220;.<\/p>\n<p>Seit gestern haben wir 750 km in s\u00fcdlicher Richtung zur\u00fcck gelegt. In Windeseile durch \u00d6sterreich durch. Am Grenz\u00fcbergang Obersberg zu \u00d6sterreich was das allbekannte mediale Topthema: &#8222;Fl\u00fcchtlingsstrom&#8220; nicht zu sp\u00fcren. Der Grenzposten war nicht besetzt, kein Fl\u00fcchtling weit und breit, kein Auto weder in unserer Richtung noch in die Richtung nach DE. <\/p>\n<p>Da stellt sich mir umsomehr die Frage, was darf man den Medien heutzutage noch alles glauben? <\/p>\n<p>Aber zur\u00fcck zum eigentlichen Thema&#8230; Gestern haben wir das Dachsteingebiet links liegen lassen. Auf 2.200m liegt bereits der erste Schnee. Wir \u00fcberqueren den Tauernpass. In Obertauern liegt die Temperatur bei 4 Grad! Die gestrige Tagesetappe endet nach 544km in Bad Kleinkirchbach &#8211; bekannt f\u00fcr sein Skigebiet um den St. Oswald herum.<\/p>\n<p>Heute vormittag treten wir am Wurzenpass nach Slowenien \u00fcber. 60km im Landesinneren machen wir einen Stop am Bleder See. Ein gro\u00dfer See umrahmt von h\u00fcgeligen W\u00e4ldern &#8211; in der Mitte trohnt eine Kirche und gegen\u00fcber wacht auf einem schroffen Felsen eine Burg. <\/p>\n<p><a href=\"http:\/\/felds.de\/wp-content\/uploads\/2015\/09\/image.png\"><img loading=\"lazy\" src=\"http:\/\/felds.de\/wp-content\/uploads\/2015\/09\/image-300x225.png\" alt=\"image\" width=\"300\" height=\"225\" class=\"alignnone size-medium wp-image-571\" srcset=\"https:\/\/felds.de\/wp-content\/uploads\/2015\/09\/image-300x225.png 300w, https:\/\/felds.de\/wp-content\/uploads\/2015\/09\/image.png 1024w, https:\/\/felds.de\/wp-content\/uploads\/2015\/09\/image-400x300.png 400w\" sizes=\"(max-width: 300px) 100vw, 300px\" \/><\/a><\/p>\n<p><a href=\"http:\/\/felds.de\/wp-content\/uploads\/2015\/09\/image1.png\"><img loading=\"lazy\" src=\"http:\/\/felds.de\/wp-content\/uploads\/2015\/09\/image1-225x300.png\" alt=\"image\" width=\"225\" height=\"300\" class=\"alignnone size-medium wp-image-572\" srcset=\"https:\/\/felds.de\/wp-content\/uploads\/2015\/09\/image1-225x300.png 225w, https:\/\/felds.de\/wp-content\/uploads\/2015\/09\/image1.png 768w\" sizes=\"(max-width: 225px) 100vw, 225px\" \/><\/a><\/p>\n<p>Henryk versucht sich als Kapit\u00e4n &#8211; wir \u00e4h, er rudert \u00fcbern See zur Kircheninsel. Als ich das Trommeln der Galere anstimme, bietet er mir den Platz am Ruder. Das lehne ich dankend ab, mit der Begr\u00fcndung: &#8222;Ich muss nur sch\u00f6n sein&#8220;.<\/p>\n<p>Nachmittags geht es weiter durch Slowenien&#8230; Die kurvigen Strassen m\u00fcssen ein El Dorado f\u00fcr Motorradfahrer sein&#8230; Allerdings l\u00e4sst der Asphalt zu w\u00fcnschen \u00fcbrig.<\/p>\n<p>In Nova Gorica schlagen wir unser Nachtlager auf. Morgen wollen wir dann weiter Richtung Skocjanske H\u00f6hlen. Slowenien ist bekannt f\u00fcr sein ausgepr\u00e4gtes H\u00f6hlensystem &#8211; daf\u00fcr wurde es auch UNESCO Weltkulturerbe.<\/p>\n","protected":false},"excerpt":{"rendered":"<p>Mission: 3 Grenz\u00fcbertritte in 3 Tagen Etappe: Letzte Grenze voraus Ziel: Kroatien Willkommen zur\u00fcck und und ihr seid &#8222;live&#8220; dabei, wenn es wieder hei\u00dft: &#8222;Fels on the road again&#8220;. Seit gestern haben wir 750 km in s\u00fcdlicher Richtung zur\u00fcck gelegt. &hellip; <a href=\"https:\/\/felds.de\/?p=570\">Weiterlesen <span class=\"meta-nav\">&rarr;<\/span><\/a><\/p>\n","protected":false},"author":1,"featured_media":0,"comment_status":"open","ping_status":"closed","sticky":false,"template":"","format":"standard","meta":[],"categories":[10],"tags":[],"_links":{"self":[{"href":"https:\/\/felds.de\/index.php?rest_route=\/wp\/v2\/posts\/570"}],"collection":[{"href":"https:\/\/felds.de\/index.php?rest_route=\/wp\/v2\/posts"}],"about":[{"href":"https:\/\/felds.de\/index.php?rest_route=\/wp\/v2\/types\/post"}],"author":[{"embeddable":true,"href":"https:\/\/felds.de\/index.php?rest_route=\/wp\/v2\/users\/1"}],"replies":[{"embeddable":true,"href":"https:\/\/felds.de\/index.php?rest_route=%2Fwp%2Fv2%2Fcomments&post=570"}],"version-history":[{"count":1,"href":"https:\/\/felds.de\/index.php?rest_route=\/wp\/v2\/posts\/570\/revisions"}],"predecessor-version":[{"id":573,"href":"https:\/\/felds.de\/index.php?rest_route=\/wp\/v2\/posts\/570\/revisions\/573"}],"wp:attachment":[{"href":"https:\/\/felds.de\/index.php?rest_route=%2Fwp%2Fv2%2Fmedia&parent=570"}],"wp:term":[{"taxonomy":"category","embeddable":true,"href":"https:\/\/felds.de\/index.php?rest_route=%2Fwp%2Fv2%2Fcategories&post=570"},{"taxonomy":"post_tag","embeddable":true,"href":"https:\/\/felds.de\/index.php?rest_route=%2Fwp%2Fv2%2Ftags&post=570"}],"curies":[{"name":"wp","href":"https:\/\/api.w.org\/{rel}","templated":true}]}}