{"id":517,"date":"2015-06-20T18:46:39","date_gmt":"2015-06-20T18:46:39","guid":{"rendered":"http:\/\/felds.de\/?p=517"},"modified":"2015-06-23T19:28:15","modified_gmt":"2015-06-23T19:28:15","slug":"logbucheintrag-20150619","status":"publish","type":"post","link":"https:\/\/felds.de\/?p=517","title":{"rendered":"Logbucheintrag 2015,0619"},"content":{"rendered":"<p><strong>Mission<\/strong>: Dem Atlantik entgegen<br \/>\n<strong>Etappe<\/strong>: \u00dcber viele Br\u00fccken<br \/>\n<strong>Ziel<\/strong>: Am Wasser entlang<\/p>\n<p><em>Umwege erweitern die Ortskenntnis. <\/em><br \/>\nKurt Tucholsky (1890 &#8211; 1935)<\/p>\n<p>Die Atlantikstrasse zu norwegisch Atlantikhavsvegen folgt einer Trasse, die urspr\u00fcnglich f\u00fcr eine Eisenbahnstrecke geplant war. Die ersten Planungen reichen bis zum Anfang des 20. Jahrhunderts zur\u00fcck; 1935 wurden diese Pl\u00e4ne jedoch endg\u00fcltig zu den Akten gelegt. In den 1970er-Jahren wurde dann mit der Stra\u00dfenplanung begonnen.<\/p>\n<p>Baubeginn war am 1. August 1983; die Stra\u00dfe wurde am 7. Juli 1989 er\u00f6ffnet und<br \/>\nersetzte eine F\u00e4hrverbindung, die auf einer \u00e4hnlichen Route verlief. <\/p>\n<p>Der Bau kostete 122 Millionen norwegische Kronen (1989), f\u00fcr die Finanzierung war die Stra\u00dfe nach der Er\u00f6ffnung zehn Jahre lang mautpflichtig.Am 27. September 2005 wurde die Atlantikstra\u00dfe zum \u201enorwegischen Bauwerk des Jahrhunderts\u201c erkl\u00e4rt.<\/p>\n<p>Br\u00fccken von Westen nach Osten:<\/p>\n<p>Vevangstraum-Br\u00fccke: L\u00e4nge 119 m, lichte H\u00f6he 10 m<br \/>\nHulv\u00e5gen-Br\u00fccken: drei Br\u00fccken mit insgesamt 239 m L\u00e4nge, lichte H\u00f6he 4 m<br \/>\nStorseisund-Br\u00fccke: L\u00e4nge 260 m, lichte H\u00f6he 23 m<br \/>\nGeit\u00f8ysund-Br\u00fccke: L\u00e4nge 52 m, lichte H\u00f6he 6 m<br \/>\nStore-Lauv\u00f8ysund-Br\u00fccke: L\u00e4nge 52 m, lichte H\u00f6he 3 m<br \/>\nLille-Lauv\u00f8ysund-Br\u00fccke: L\u00e4nge 115 m, lichte H\u00f6he 7 m<br \/>\nGesamtl\u00e4nge: 891 m<\/p>\n<p>So richtig interessant ist nur die Storseisund-Br\u00fccke&#8230; <\/p>\n<p><a href=\"http:\/\/felds.de\/wp-content\/uploads\/2015\/06\/image47-e1434826529771.jpg\"><img loading=\"lazy\" src=\"http:\/\/felds.de\/wp-content\/uploads\/2015\/06\/image47-e1434826529771-171x300.jpg\" alt=\"image\" width=\"171\" height=\"300\" class=\"alignnone size-medium wp-image-522\" srcset=\"https:\/\/felds.de\/wp-content\/uploads\/2015\/06\/image47-e1434826529771-171x300.jpg 171w, https:\/\/felds.de\/wp-content\/uploads\/2015\/06\/image47-e1434826529771.jpg 364w\" sizes=\"(max-width: 171px) 100vw, 171px\" \/><\/a><\/p>\n<p>Aber der Ausblich auf den Atlantik zieht mich in seinen Bann&#8230; Ewiges Blau&#8230; trifft sich am Horizont mit dem Himmel. Wir haben richtig Gl\u00fcck mit dem Wetter: klare Sicht auf den Atlantik<\/p>\n<p>Die Weiterfahrt wird etwas diesiger, aber mit dem blauen Himmel im R\u00fccken fahren wir weiter.<\/p>\n<p>Wir weichen von der geplanten Route ab, und landen in Stranda. Dieser Ort liegt am Storfjord. Dies ist er Zubringerfjord f\u00fcr die dicken Dampfer und die Hurtigeouten, die als Ziel den Geiranger haben. Den Geiranger lassen wir dieses Jahr aus, da wir den auf der letzten Tour bereits abgehakt haben. <\/p>\n<p>Abends g\u00f6nnen wir uns ein Schl\u00fcckchen zum Aufw\u00e4rmen&#8230; wie so viele Schl\u00fcckchen in den letzten 2 Wochen \ud83d\ude09 ein treuer Wegbegleiter&#8230;<\/p>\n<p><a href=\"http:\/\/felds.de\/wp-content\/uploads\/2015\/06\/image48-e1434826725971.jpg\"><img loading=\"lazy\" src=\"http:\/\/felds.de\/wp-content\/uploads\/2015\/06\/image48-e1434826725971-300x225.jpg\" alt=\"image\" width=\"300\" height=\"225\" class=\"alignnone size-medium wp-image-524\" srcset=\"https:\/\/felds.de\/wp-content\/uploads\/2015\/06\/image48-e1434826725971-300x225.jpg 300w, https:\/\/felds.de\/wp-content\/uploads\/2015\/06\/image48-e1434826725971-400x300.jpg 400w, https:\/\/felds.de\/wp-content\/uploads\/2015\/06\/image48-e1434826725971.jpg 640w\" sizes=\"(max-width: 300px) 100vw, 300px\" \/><\/a><\/p>\n","protected":false},"excerpt":{"rendered":"<p>Mission: Dem Atlantik entgegen Etappe: \u00dcber viele Br\u00fccken Ziel: Am Wasser entlang Umwege erweitern die Ortskenntnis. Kurt Tucholsky (1890 &#8211; 1935) Die Atlantikstrasse zu norwegisch Atlantikhavsvegen folgt einer Trasse, die urspr\u00fcnglich f\u00fcr eine Eisenbahnstrecke geplant war. Die ersten Planungen reichen &hellip; <a href=\"https:\/\/felds.de\/?p=517\">Weiterlesen <span class=\"meta-nav\">&rarr;<\/span><\/a><\/p>\n","protected":false},"author":1,"featured_media":0,"comment_status":"open","ping_status":"closed","sticky":false,"template":"","format":"standard","meta":[],"categories":[9],"tags":[],"_links":{"self":[{"href":"https:\/\/felds.de\/index.php?rest_route=\/wp\/v2\/posts\/517"}],"collection":[{"href":"https:\/\/felds.de\/index.php?rest_route=\/wp\/v2\/posts"}],"about":[{"href":"https:\/\/felds.de\/index.php?rest_route=\/wp\/v2\/types\/post"}],"author":[{"embeddable":true,"href":"https:\/\/felds.de\/index.php?rest_route=\/wp\/v2\/users\/1"}],"replies":[{"embeddable":true,"href":"https:\/\/felds.de\/index.php?rest_route=%2Fwp%2Fv2%2Fcomments&post=517"}],"version-history":[{"count":7,"href":"https:\/\/felds.de\/index.php?rest_route=\/wp\/v2\/posts\/517\/revisions"}],"predecessor-version":[{"id":539,"href":"https:\/\/felds.de\/index.php?rest_route=\/wp\/v2\/posts\/517\/revisions\/539"}],"wp:attachment":[{"href":"https:\/\/felds.de\/index.php?rest_route=%2Fwp%2Fv2%2Fmedia&parent=517"}],"wp:term":[{"taxonomy":"category","embeddable":true,"href":"https:\/\/felds.de\/index.php?rest_route=%2Fwp%2Fv2%2Fcategories&post=517"},{"taxonomy":"post_tag","embeddable":true,"href":"https:\/\/felds.de\/index.php?rest_route=%2Fwp%2Fv2%2Ftags&post=517"}],"curies":[{"name":"wp","href":"https:\/\/api.w.org\/{rel}","templated":true}]}}