{"id":488,"date":"2015-06-17T19:18:58","date_gmt":"2015-06-17T19:18:58","guid":{"rendered":"http:\/\/felds.de\/?p=488"},"modified":"2020-07-30T17:01:57","modified_gmt":"2020-07-30T17:01:57","slug":"logbucheintrag-20150617","status":"publish","type":"post","link":"https:\/\/felds.de\/?p=488","title":{"rendered":"Logbucheintrag 2015,0617"},"content":{"rendered":"<p><strong>Mission<\/strong>: Auf der Suche nach Rudi<br \/>\n<strong>Etappe<\/strong>: finde die kleinste Strasse<br \/>\n<strong>Ziel<\/strong>: Vor den Toren Kristiansunds<\/p>\n<p>In den n\u00e4chsten Tagen wollen wir die Atlantikroute fahren, sofern der Wettergott uns gn\u00e4dig ist. Die n\u00e4chsten Tage sollen bew\u00f6lkt sein, ab Freitag dann wieder sonnig.<\/p>\n<p>Nichtsdestotrotz fahren wir auf kleineren Strassen bis kurz vor Kristiansund.<\/p>\n<p>In Jerpstad machen wir in einem kleinem urigen Cafe Pause&#8230; Bei Capuccino und Kuchen geniessen wir die Auszeit&#8230; Wir f\u00fchlen uns als w\u00fcrde jeden Moment unsere Oma zur T\u00fcr hereinspazieren&#8230;<\/p>\n<p><a href=\"http:\/\/felds.de\/wp-content\/uploads\/2015\/06\/image35-e1434569178563.jpg\"><img loading=\"lazy\" class=\"alignnone size-medium wp-image-492\" src=\"http:\/\/felds.de\/wp-content\/uploads\/2015\/06\/image35-e1434569178563-300x225.jpg\" alt=\"image\" width=\"300\" height=\"225\" srcset=\"https:\/\/felds.de\/wp-content\/uploads\/2015\/06\/image35-e1434569178563-300x225.jpg 300w, https:\/\/felds.de\/wp-content\/uploads\/2015\/06\/image35-e1434569178563-400x300.jpg 400w, https:\/\/felds.de\/wp-content\/uploads\/2015\/06\/image35-e1434569178563.jpg 640w\" sizes=\"(max-width: 300px) 100vw, 300px\" \/><\/a><\/p>\n<p>Das sch\u00f6ne an kleinen Wegen ist, man weis nie wer oder was einem begegnet&#8230; In unserem Fall haben sich 2 Rudis in w\u00e4rmere Ebenen verirrt und kreuzen unseren Weg.<br \/>\nDas Foto vor dem M\u00fcllcontainer l\u00e4sst zwar zu w\u00fcnschen \u00fcbrig, aber wir knipsen was das Zeug h\u00e4lt&#8230; So wie Stadtkinder Schafe knipsen, halten wir den Rentiermoment fest!<\/p>\n<p><a href=\"http:\/\/felds.de\/wp-content\/uploads\/2015\/06\/image36.jpg\"><img loading=\"lazy\" class=\"alignnone size-medium wp-image-493\" src=\"http:\/\/felds.de\/wp-content\/uploads\/2015\/06\/image36-300x228.jpg\" alt=\"image\" width=\"300\" height=\"228\" srcset=\"https:\/\/felds.de\/wp-content\/uploads\/2015\/06\/image36-300x228.jpg 300w, https:\/\/felds.de\/wp-content\/uploads\/2015\/06\/image36-1024x780.jpg 1024w, https:\/\/felds.de\/wp-content\/uploads\/2015\/06\/image36-394x300.jpg 394w, https:\/\/felds.de\/wp-content\/uploads\/2015\/06\/image36.jpg 2008w\" sizes=\"(max-width: 300px) 100vw, 300px\" \/><\/a><\/p>\n<p>Ganz nebenbei, Schafe hab ich auch geknippst  wenn sich die Gelegenheit ergab. Sind schon putzig, mit ihren kleinen L\u00e4mmern. Die M\u00fctter dr\u00e4ngeln die L\u00e4mmer vom Strassenrand wenn wir vorbeirollen&#8230;<\/p>\n<p>50km vor Kristiansund nimmt die Wolkendecke zu, wir setzen noch mit der F\u00e4hre \u00fcber und bleiben auf einem Campingplatz Magnillen an einen idylischen Fjord. Der Platz scheint in fester deutscher Anglerhand zu sein.<\/p>\n<p><a href=\"http:\/\/felds.de\/wp-content\/uploads\/2015\/06\/image37.jpg\"><img loading=\"lazy\" class=\"alignnone size-medium wp-image-495\" src=\"http:\/\/felds.de\/wp-content\/uploads\/2015\/06\/image37-300x112.jpg\" alt=\"image\" width=\"300\" height=\"112\" srcset=\"https:\/\/felds.de\/wp-content\/uploads\/2015\/06\/image37-300x112.jpg 300w, https:\/\/felds.de\/wp-content\/uploads\/2015\/06\/image37-500x186.jpg 500w, https:\/\/felds.de\/wp-content\/uploads\/2015\/06\/image37.jpg 1020w\" sizes=\"(max-width: 300px) 100vw, 300px\" \/><\/a><\/p>\n<p><a href=\"http:\/\/felds.de\/wp-content\/uploads\/2015\/06\/image38.jpg\"><img loading=\"lazy\" class=\"alignnone size-medium wp-image-496\" src=\"http:\/\/felds.de\/wp-content\/uploads\/2015\/06\/image38-300x225.jpg\" alt=\"image\" width=\"300\" height=\"225\" srcset=\"https:\/\/felds.de\/wp-content\/uploads\/2015\/06\/image38-300x225.jpg 300w, https:\/\/felds.de\/wp-content\/uploads\/2015\/06\/image38.jpg 1024w, https:\/\/felds.de\/wp-content\/uploads\/2015\/06\/image38-400x300.jpg 400w\" sizes=\"(max-width: 300px) 100vw, 300px\" \/><\/a><\/p>\n<p>Ausblick auf Atlantikstrasse:<\/p>\n<p>Die Atlantikstra\u00dfe (norwegisch (Bokm\u00e5l) Atlanterhavsveien) ist ein Abschnitt der norwegischen Reichsstra\u00dfe 64 und liegt im Fylke M\u00f8re og Romsdal, zwischen Molde und Kristiansund.<\/p>\n<p>Genau genommen umfasst die Atlantikstra\u00dfe einen 8274 Meter langen Abschnitt zwischen Vevang in der Kommune Eide und dem auf einer Insel gelegenen K\u00e5rv\u00e5g in der Kommune Aver\u00f8y. Durch ihren Verlauf mit acht Br\u00fccken \u00fcber mehrere kleine Inseln ist sie eine Touristenattraktion, auch Einheimische fahren gerne zum Angeln dorthin.<\/p>\n<p>Wir freuen uns darauf&#8230;.<\/p>\n","protected":false},"excerpt":{"rendered":"<p>Mission: Auf der Suche nach Rudi Etappe: finde die kleinste Strasse Ziel: Vor den Toren Kristiansunds In den n\u00e4chsten Tagen wollen wir die Atlantikroute fahren, sofern der Wettergott uns gn\u00e4dig ist. Die n\u00e4chsten Tage sollen bew\u00f6lkt sein, ab Freitag dann &hellip; <a href=\"https:\/\/felds.de\/?p=488\">Weiterlesen <span class=\"meta-nav\">&rarr;<\/span><\/a><\/p>\n","protected":false},"author":1,"featured_media":0,"comment_status":"open","ping_status":"closed","sticky":false,"template":"","format":"standard","meta":[],"categories":[9],"tags":[],"_links":{"self":[{"href":"https:\/\/felds.de\/index.php?rest_route=\/wp\/v2\/posts\/488"}],"collection":[{"href":"https:\/\/felds.de\/index.php?rest_route=\/wp\/v2\/posts"}],"about":[{"href":"https:\/\/felds.de\/index.php?rest_route=\/wp\/v2\/types\/post"}],"author":[{"embeddable":true,"href":"https:\/\/felds.de\/index.php?rest_route=\/wp\/v2\/users\/1"}],"replies":[{"embeddable":true,"href":"https:\/\/felds.de\/index.php?rest_route=%2Fwp%2Fv2%2Fcomments&post=488"}],"version-history":[{"count":6,"href":"https:\/\/felds.de\/index.php?rest_route=\/wp\/v2\/posts\/488\/revisions"}],"predecessor-version":[{"id":1426,"href":"https:\/\/felds.de\/index.php?rest_route=\/wp\/v2\/posts\/488\/revisions\/1426"}],"wp:attachment":[{"href":"https:\/\/felds.de\/index.php?rest_route=%2Fwp%2Fv2%2Fmedia&parent=488"}],"wp:term":[{"taxonomy":"category","embeddable":true,"href":"https:\/\/felds.de\/index.php?rest_route=%2Fwp%2Fv2%2Fcategories&post=488"},{"taxonomy":"post_tag","embeddable":true,"href":"https:\/\/felds.de\/index.php?rest_route=%2Fwp%2Fv2%2Ftags&post=488"}],"curies":[{"name":"wp","href":"https:\/\/api.w.org\/{rel}","templated":true}]}}