{"id":452,"date":"2015-06-14T18:53:14","date_gmt":"2015-06-14T18:53:14","guid":{"rendered":"http:\/\/felds.de\/?p=452"},"modified":"2020-07-30T17:03:03","modified_gmt":"2020-07-30T17:03:03","slug":"logbucheintrag-20150613","status":"publish","type":"post","link":"https:\/\/felds.de\/?p=452","title":{"rendered":"Logbucheintrag 2015,0613"},"content":{"rendered":"<p><strong>Mission<\/strong>: Bergpredigt<br \/>\n<strong>Etappe<\/strong>: \u00dcber Stock und \u00fcber Stein<br \/>\n<strong>Ziel<\/strong>: Preikestolen<\/p>\n<p>Der Preikestolen ragt senkrecht \u00fcber 600m aus dem Lysefjord. Das gewaltige Felsplateau ist for \u00fcber 10000 Jahren aus einer Frostsprengung entstanden. Ich hoffe er h\u00e4lt noch weitere 10000 Jahre, da das Eichh\u00f6rnchen Scratch nicht in Sichtweite ist als wir ankommen. Nach ca. 1 Std. 45 Minuten Wanderung wieder Bergauf, bergab \u00fcber stock und Stein, daf\u00fcr ohne Schneefelder simd wir angekommen.<\/p>\n<p>Ich bin mutig und setze mich an die Kante&#8230; die Beine baumeln in 600m H\u00f6he. Der K\u00f6rper nimmt automatisch eine zusammengekauerte Haltung ein. Ein bisschen mulmig ist mir dabei schon.<\/p>\n<p>Die Aussicht ist grandios&#8230; der Lysefjord ist 42km lang und bei guter Sicht gibt es hier oben viel zu sehen. Wir machen Brotzeit umd geniessen die Aussicht bevor wir wieder ins Tal absteigen.<\/p>\n<p><a href=\"http:\/\/felds.de\/wp-content\/uploads\/2015\/06\/image25.jpg\"><img loading=\"lazy\" class=\"alignnone size-medium wp-image-455\" src=\"http:\/\/felds.de\/wp-content\/uploads\/2015\/06\/image25-300x225.jpg\" alt=\"image\" width=\"300\" height=\"225\" srcset=\"https:\/\/felds.de\/wp-content\/uploads\/2015\/06\/image25-300x225.jpg 300w, https:\/\/felds.de\/wp-content\/uploads\/2015\/06\/image25.jpg 1024w, https:\/\/felds.de\/wp-content\/uploads\/2015\/06\/image25-400x300.jpg 400w\" sizes=\"(max-width: 300px) 100vw, 300px\" \/><\/a><\/p>\n<p>Da diese Wanderung deutllich leichter ist, treffen wir auf dem Weg viele Wanderer.<\/p>\n<p>Es ist fr\u00fcher Nachmittag als wir wieder den Parkplatz erreichen. Wir fahren noch gut 170km weiter. Das n\u00e4chste Zwischenziel ist R\u00f8ldal. Der Weg schl\u00e4gelt sich durch eine Vielzahl von Tunnel. Hier sind die Berge noch schneebedeckt. Vorbei an tosenden Wasserf\u00e4llen. Der Ort liegt am Ende eines kleinen Sees.<\/p>\n<p>Zum Abschluss besuchen wir noch die im 13. Jahrhundert erbaute Stabkirche. Eine Holzkirche&#8230; ich denke nur bei mir: wo ist das Streichholz&#8230; Mir ist kalt.<\/p>\n<p><a href=\"http:\/\/felds.de\/wp-content\/uploads\/2015\/06\/image26.jpg\"><img loading=\"lazy\" class=\"alignnone size-medium wp-image-456\" src=\"http:\/\/felds.de\/wp-content\/uploads\/2015\/06\/image26-300x225.jpg\" alt=\"image\" width=\"300\" height=\"225\" srcset=\"https:\/\/felds.de\/wp-content\/uploads\/2015\/06\/image26-300x225.jpg 300w, https:\/\/felds.de\/wp-content\/uploads\/2015\/06\/image26.jpg 1024w, https:\/\/felds.de\/wp-content\/uploads\/2015\/06\/image26-400x300.jpg 400w\" sizes=\"(max-width: 300px) 100vw, 300px\" \/><\/a><\/p>\n<p>Wir schlagen unser Lager in einer H\u00fctte auf&#8230; die Motorr\u00e4der beiben draussen&#8230; und wir Esel bleiben diesmal drinnen.<\/p>\n","protected":false},"excerpt":{"rendered":"<p>Mission: Bergpredigt Etappe: \u00dcber Stock und \u00fcber Stein Ziel: Preikestolen Der Preikestolen ragt senkrecht \u00fcber 600m aus dem Lysefjord. Das gewaltige Felsplateau ist for \u00fcber 10000 Jahren aus einer Frostsprengung entstanden. Ich hoffe er h\u00e4lt noch weitere 10000 Jahre, da &hellip; <a href=\"https:\/\/felds.de\/?p=452\">Weiterlesen <span class=\"meta-nav\">&rarr;<\/span><\/a><\/p>\n","protected":false},"author":1,"featured_media":0,"comment_status":"open","ping_status":"closed","sticky":false,"template":"","format":"standard","meta":[],"categories":[9],"tags":[],"_links":{"self":[{"href":"https:\/\/felds.de\/index.php?rest_route=\/wp\/v2\/posts\/452"}],"collection":[{"href":"https:\/\/felds.de\/index.php?rest_route=\/wp\/v2\/posts"}],"about":[{"href":"https:\/\/felds.de\/index.php?rest_route=\/wp\/v2\/types\/post"}],"author":[{"embeddable":true,"href":"https:\/\/felds.de\/index.php?rest_route=\/wp\/v2\/users\/1"}],"replies":[{"embeddable":true,"href":"https:\/\/felds.de\/index.php?rest_route=%2Fwp%2Fv2%2Fcomments&post=452"}],"version-history":[{"count":5,"href":"https:\/\/felds.de\/index.php?rest_route=\/wp\/v2\/posts\/452\/revisions"}],"predecessor-version":[{"id":1428,"href":"https:\/\/felds.de\/index.php?rest_route=\/wp\/v2\/posts\/452\/revisions\/1428"}],"wp:attachment":[{"href":"https:\/\/felds.de\/index.php?rest_route=%2Fwp%2Fv2%2Fmedia&parent=452"}],"wp:term":[{"taxonomy":"category","embeddable":true,"href":"https:\/\/felds.de\/index.php?rest_route=%2Fwp%2Fv2%2Fcategories&post=452"},{"taxonomy":"post_tag","embeddable":true,"href":"https:\/\/felds.de\/index.php?rest_route=%2Fwp%2Fv2%2Ftags&post=452"}],"curies":[{"name":"wp","href":"https:\/\/api.w.org\/{rel}","templated":true}]}}