{"id":445,"date":"2015-06-12T18:10:40","date_gmt":"2015-06-12T18:10:40","guid":{"rendered":"http:\/\/felds.de\/?p=445"},"modified":"2015-06-16T21:37:06","modified_gmt":"2015-06-16T21:37:06","slug":"logbucheintrag-20150612","status":"publish","type":"post","link":"https:\/\/felds.de\/?p=445","title":{"rendered":"Logbucheintrag 2015,0612"},"content":{"rendered":"<p><strong>Mission<\/strong>: Im Sausewind herum<br \/>\n<strong>Etappe<\/strong>: rund um Stavanger<br \/>\n<strong>Ziel<\/strong>: den Esel satteln<\/p>\n<p>Heute fr\u00fch beschlie\u00dfen wir noch einen Tag l\u00e4nger zu bleiben &#8211; wir wollen nachmittags auf den Preikestolen wandern. Da aber jede Menge Touris unterwegs sind wollen wir erst eine Runde mit dem Motorrad drehen. Da mir noch kein finaler Name f\u00fcr mein Bike eingefallen ist, nenne ich ihn gerade Esel. Manchmal ein bissi st\u00f6risch, aber der Esel gew\u00f6hnt sich langsam an mich, \u00e4h ich an ihn &#x1f600;<\/p>\n<p>Als wir zur\u00fcck auf den Campingplatz kommen lohnt es sicht nicht mehr auf den Preikestolen da wir f\u00fcr die letzten 40km eine gef\u00fchlte Ewigkeit brauchen. Man glaubt es kaum, aber es gibt in Norwegen auch Staus. Feierabendverkehr in den Ballungszentren, und Wartezeiten an F\u00e4hren&#8230; etc. W\u00e4hrend wir warten erz\u00e4hlt uns ein Norweger in Sandes gibt es morgen ein Radrennen, noch ein Grund f\u00fcr den Stau. Wenn die Norweger in die St\u00e4dte einfallen, dann dauert dass am Kreisverkehr&#8230;<\/p>\n<p>&#8211; also bleibt uns nichts anderes \u00fcbrig als zu grillen&#8230;.<\/p>\n<p><a href=\"http:\/\/felds.de\/wp-content\/uploads\/2015\/06\/image23.jpg\"><img loading=\"lazy\" src=\"http:\/\/felds.de\/wp-content\/uploads\/2015\/06\/image23-300x224.jpg\" alt=\"image\" width=\"300\" height=\"224\" class=\"alignnone size-medium wp-image-446\" srcset=\"https:\/\/felds.de\/wp-content\/uploads\/2015\/06\/image23-300x224.jpg 300w, https:\/\/felds.de\/wp-content\/uploads\/2015\/06\/image23-1024x765.jpg 1024w, https:\/\/felds.de\/wp-content\/uploads\/2015\/06\/image23-402x300.jpg 402w\" sizes=\"(max-width: 300px) 100vw, 300px\" \/><\/a><\/p>\n<p><a href=\"http:\/\/felds.de\/wp-content\/uploads\/2015\/06\/image24.jpg\"><img loading=\"lazy\" src=\"http:\/\/felds.de\/wp-content\/uploads\/2015\/06\/image24-300x224.jpg\" alt=\"image\" width=\"300\" height=\"224\" class=\"alignnone size-medium wp-image-447\" srcset=\"https:\/\/felds.de\/wp-content\/uploads\/2015\/06\/image24-300x224.jpg 300w, https:\/\/felds.de\/wp-content\/uploads\/2015\/06\/image24-1024x765.jpg 1024w, https:\/\/felds.de\/wp-content\/uploads\/2015\/06\/image24-402x300.jpg 402w\" sizes=\"(max-width: 300px) 100vw, 300px\" \/><\/a><\/p>\n","protected":false},"excerpt":{"rendered":"<p>Mission: Im Sausewind herum Etappe: rund um Stavanger Ziel: den Esel satteln Heute fr\u00fch beschlie\u00dfen wir noch einen Tag l\u00e4nger zu bleiben &#8211; wir wollen nachmittags auf den Preikestolen wandern. Da aber jede Menge Touris unterwegs sind wollen wir erst &hellip; <a href=\"https:\/\/felds.de\/?p=445\">Weiterlesen <span class=\"meta-nav\">&rarr;<\/span><\/a><\/p>\n","protected":false},"author":1,"featured_media":0,"comment_status":"open","ping_status":"closed","sticky":false,"template":"","format":"standard","meta":[],"categories":[9],"tags":[],"_links":{"self":[{"href":"https:\/\/felds.de\/index.php?rest_route=\/wp\/v2\/posts\/445"}],"collection":[{"href":"https:\/\/felds.de\/index.php?rest_route=\/wp\/v2\/posts"}],"about":[{"href":"https:\/\/felds.de\/index.php?rest_route=\/wp\/v2\/types\/post"}],"author":[{"embeddable":true,"href":"https:\/\/felds.de\/index.php?rest_route=\/wp\/v2\/users\/1"}],"replies":[{"embeddable":true,"href":"https:\/\/felds.de\/index.php?rest_route=%2Fwp%2Fv2%2Fcomments&post=445"}],"version-history":[{"count":4,"href":"https:\/\/felds.de\/index.php?rest_route=\/wp\/v2\/posts\/445\/revisions"}],"predecessor-version":[{"id":451,"href":"https:\/\/felds.de\/index.php?rest_route=\/wp\/v2\/posts\/445\/revisions\/451"}],"wp:attachment":[{"href":"https:\/\/felds.de\/index.php?rest_route=%2Fwp%2Fv2%2Fmedia&parent=445"}],"wp:term":[{"taxonomy":"category","embeddable":true,"href":"https:\/\/felds.de\/index.php?rest_route=%2Fwp%2Fv2%2Fcategories&post=445"},{"taxonomy":"post_tag","embeddable":true,"href":"https:\/\/felds.de\/index.php?rest_route=%2Fwp%2Fv2%2Ftags&post=445"}],"curies":[{"name":"wp","href":"https:\/\/api.w.org\/{rel}","templated":true}]}}