{"id":434,"date":"2015-06-12T08:45:44","date_gmt":"2015-06-12T08:45:44","guid":{"rendered":"http:\/\/felds.de\/?p=434"},"modified":"2015-06-12T17:44:14","modified_gmt":"2015-06-12T17:44:14","slug":"logbucheintrag-20150611","status":"publish","type":"post","link":"https:\/\/felds.de\/?p=434","title":{"rendered":"Logbucheintrag 2015,0611"},"content":{"rendered":"<p><strong>Mission<\/strong>: Der Natur trotzen<br \/>\n<strong>Etappe<\/strong>: Der Kjerag fordert seinen Tribut<br \/>\n<strong>Ziel<\/strong>: Wandern<\/p>\n<p>Heute fahren wir zur\u00fcck auf 560m um unsere Wanderung zum einem eingeklemmten Felsbrocken dem Kjeragbolten, zu starten. Die Wanderung dauert laut Aushang ca. 5 Stunden hin und zur\u00fcck. Wir m\u00fcssen auf 1110m aufsteigen &#8211; die H\u00f6he l\u00e4sst sich nur \u00fcber 3 Peaks bew\u00e4ltigen, dazwischen ist immer ein Minital &#8211; Abstig ca. 100m &#8211; also rauf, runter, rauf, runter&#8230; Lt. Wanderf\u00fchrer ist die Wanderung als schwarze Route gekennzeichnet&#8230; also sehr anspruchsvoll.<\/p>\n<p>Wir wissen auch alsbald warum! Glatte Felsen&#8230; tiefe Schneefelder und das ganze in Schlangenlinien rauf und runter! Wir kommen schnell ins schwitzen&#8230; klettern mehr schlecht als Recht auf Felsen&#8230; oder eher krabbeln&#8230; passieren Felsebenen und tiefe Schneefelder auf und abw\u00e4rts! Und die Sicht ist Schlecht &#8211; den 3ten Gipfel k\u00f6nnen wir kaum erkennen.<\/p>\n<p>Nach 2 Stunden haben wir ein bisschen mehr als die H\u00e4lfte geschafft&#8230; als wir den Aufstieg auf den letzten Gipfel sehen: <\/p>\n<p><a href=\"http:\/\/felds.de\/wp-content\/uploads\/2015\/06\/image18.jpg\"><img loading=\"lazy\" src=\"http:\/\/felds.de\/wp-content\/uploads\/2015\/06\/image18-300x225.jpg\" alt=\"image\" width=\"300\" height=\"225\" class=\"alignnone size-medium wp-image-436\" srcset=\"https:\/\/felds.de\/wp-content\/uploads\/2015\/06\/image18-300x225.jpg 300w, https:\/\/felds.de\/wp-content\/uploads\/2015\/06\/image18.jpg 1024w, https:\/\/felds.de\/wp-content\/uploads\/2015\/06\/image18-400x300.jpg 400w\" sizes=\"(max-width: 300px) 100vw, 300px\" \/><\/a><\/p>\n<div id=\"attachment_435\" style=\"width: 310px\" class=\"wp-caption alignnone\"><a href=\"http:\/\/felds.de\/wp-content\/uploads\/2015\/06\/image17.jpg\"><img aria-describedby=\"caption-attachment-435\" loading=\"lazy\" src=\"http:\/\/felds.de\/wp-content\/uploads\/2015\/06\/image17-300x225.jpg\" alt=\"Sonja sucht den Gipfel\" width=\"300\" height=\"225\" class=\"size-medium wp-image-435\" srcset=\"https:\/\/felds.de\/wp-content\/uploads\/2015\/06\/image17-300x225.jpg 300w, https:\/\/felds.de\/wp-content\/uploads\/2015\/06\/image17.jpg 1024w, https:\/\/felds.de\/wp-content\/uploads\/2015\/06\/image17-400x300.jpg 400w\" sizes=\"(max-width: 300px) 100vw, 300px\" \/><\/a><p id=\"caption-attachment-435\" class=\"wp-caption-text\">Sonja sucht den Gipfel<\/p><\/div>\n<p>Eine ziemlich steile Schneewand verhei\u00dft nichts gutes: einzelne tapfere Wanderer stapfen durch den Schnee hinauf &#8211; wir gehen nur 1\/4 hinauf und beschliessen umzukehren&#8230; zumal die Wolkendecke kaum aufreisst. Einen Blick auf den Brocken ist so oder so unrealistisch&#8230; Wir kehren um!<\/p>\n<p>Zur\u00fcck auf dem Parkplatz k\u00f6nnen meine Handschuhe, Socken und Schuhe ausgewrungen werden&#8230; Anstrengend wars, aber irgendwie auch sch\u00f6n.<\/p>\n<p>Wir kochen Kaffee&#8230;<\/p>\n<p><a href=\"http:\/\/felds.de\/wp-content\/uploads\/2015\/06\/image19.jpg\"><img loading=\"lazy\" src=\"http:\/\/felds.de\/wp-content\/uploads\/2015\/06\/image19-300x225.jpg\" alt=\"image\" width=\"300\" height=\"225\" class=\"alignnone size-medium wp-image-437\" srcset=\"https:\/\/felds.de\/wp-content\/uploads\/2015\/06\/image19-300x225.jpg 300w, https:\/\/felds.de\/wp-content\/uploads\/2015\/06\/image19.jpg 1024w, https:\/\/felds.de\/wp-content\/uploads\/2015\/06\/image19-400x300.jpg 400w\" sizes=\"(max-width: 300px) 100vw, 300px\" \/><\/a><\/p>\n<p>Um 18:00 legt die F\u00e4hre nach Foresand ab, wir sind dabei! Die Fahrt dauert 2 Std. 20 Min.<\/p>\n<p>Inzwischen haben wir wieder strahlenden Sonnenschein und wir schippern durch den Fjord&#8230; Hohe Steilw\u00e4nde rechts und links&#8230; die Aussicht ist grandios! <\/p>\n<p><a href=\"http:\/\/felds.de\/wp-content\/uploads\/2015\/06\/image20.jpg\"><img loading=\"lazy\" src=\"http:\/\/felds.de\/wp-content\/uploads\/2015\/06\/image20-196x300.jpg\" alt=\"image\" width=\"196\" height=\"300\" class=\"alignnone size-medium wp-image-439\" srcset=\"https:\/\/felds.de\/wp-content\/uploads\/2015\/06\/image20-196x300.jpg 196w, https:\/\/felds.de\/wp-content\/uploads\/2015\/06\/image20.jpg 502w\" sizes=\"(max-width: 196px) 100vw, 196px\" \/><\/a><\/p>\n<p>Die F\u00e4hre ist zugleich Touri-F\u00e4hre. Sie h\u00e4lt an Wasserf\u00e4llen und an einer H\u00f6hle. Dabei f\u00e4hrt die F\u00e4hre so nah an den Felsen heran, als w\u00fcrde sie gleich die Luft anhalten und in der H\u00f6hle verschwinden<\/p>\n<p><a href=\"http:\/\/felds.de\/wp-content\/uploads\/2015\/06\/image22.jpg\"><img loading=\"lazy\" src=\"http:\/\/felds.de\/wp-content\/uploads\/2015\/06\/image22-300x225.jpg\" alt=\"image\" width=\"300\" height=\"225\" class=\"alignnone size-medium wp-image-443\" \/><\/a><\/p>\n<p>Vorbei am Preikestolen.<\/p>\n<p><a href=\"http:\/\/felds.de\/wp-content\/uploads\/2015\/06\/image21.jpg\"><img loading=\"lazy\" src=\"http:\/\/felds.de\/wp-content\/uploads\/2015\/06\/image21-300x225.jpg\" alt=\"image\" width=\"300\" height=\"225\" class=\"alignnone size-medium wp-image-440\" srcset=\"https:\/\/felds.de\/wp-content\/uploads\/2015\/06\/image21-300x225.jpg 300w, https:\/\/felds.de\/wp-content\/uploads\/2015\/06\/image21.jpg 1024w, https:\/\/felds.de\/wp-content\/uploads\/2015\/06\/image21-400x300.jpg 400w\" sizes=\"(max-width: 300px) 100vw, 300px\" \/><\/a><\/p>\n<p>Morgen wollen wir zu diesem Felsplateau wandern&#8230;.<\/p>\n","protected":false},"excerpt":{"rendered":"<p>Mission: Der Natur trotzen Etappe: Der Kjerag fordert seinen Tribut Ziel: Wandern Heute fahren wir zur\u00fcck auf 560m um unsere Wanderung zum einem eingeklemmten Felsbrocken dem Kjeragbolten, zu starten. Die Wanderung dauert laut Aushang ca. 5 Stunden hin und zur\u00fcck. &hellip; <a href=\"https:\/\/felds.de\/?p=434\">Weiterlesen <span class=\"meta-nav\">&rarr;<\/span><\/a><\/p>\n","protected":false},"author":1,"featured_media":0,"comment_status":"open","ping_status":"closed","sticky":false,"template":"","format":"standard","meta":[],"categories":[9],"tags":[],"_links":{"self":[{"href":"https:\/\/felds.de\/index.php?rest_route=\/wp\/v2\/posts\/434"}],"collection":[{"href":"https:\/\/felds.de\/index.php?rest_route=\/wp\/v2\/posts"}],"about":[{"href":"https:\/\/felds.de\/index.php?rest_route=\/wp\/v2\/types\/post"}],"author":[{"embeddable":true,"href":"https:\/\/felds.de\/index.php?rest_route=\/wp\/v2\/users\/1"}],"replies":[{"embeddable":true,"href":"https:\/\/felds.de\/index.php?rest_route=%2Fwp%2Fv2%2Fcomments&post=434"}],"version-history":[{"count":4,"href":"https:\/\/felds.de\/index.php?rest_route=\/wp\/v2\/posts\/434\/revisions"}],"predecessor-version":[{"id":444,"href":"https:\/\/felds.de\/index.php?rest_route=\/wp\/v2\/posts\/434\/revisions\/444"}],"wp:attachment":[{"href":"https:\/\/felds.de\/index.php?rest_route=%2Fwp%2Fv2%2Fmedia&parent=434"}],"wp:term":[{"taxonomy":"category","embeddable":true,"href":"https:\/\/felds.de\/index.php?rest_route=%2Fwp%2Fv2%2Fcategories&post=434"},{"taxonomy":"post_tag","embeddable":true,"href":"https:\/\/felds.de\/index.php?rest_route=%2Fwp%2Fv2%2Ftags&post=434"}],"curies":[{"name":"wp","href":"https:\/\/api.w.org\/{rel}","templated":true}]}}