{"id":423,"date":"2015-06-10T16:43:01","date_gmt":"2015-06-10T16:43:01","guid":{"rendered":"http:\/\/felds.de\/?p=423"},"modified":"2015-06-10T16:48:32","modified_gmt":"2015-06-10T16:48:32","slug":"logbucheintrag-20150610","status":"publish","type":"post","link":"https:\/\/felds.de\/?p=423","title":{"rendered":"Logbucheintrag 2015,0610"},"content":{"rendered":"<p><strong>Mission<\/strong>: Regentropfen z\u00e4hlen<br \/>\n<strong>Etappe<\/strong>: Ein Tag am Lysefjord<br \/>\n<strong>Ziel<\/strong>: Ziellos<\/p>\n<p><em>Man reist nicht nur um anzukommen,<br \/>\nsondern vor allem, um unterwegs zu sein.<\/em><br \/>\nJohann Wolfgang von Goethe (1749-1832)<\/p>\n<p>08:30 Uhr morgens Koordinaten: 59\u00b0 0\u2032 N , 6\u00b0 14\u2032 O  &#8211; die Wolkendichte steigt!<\/p>\n<p>Wir fr\u00fchst\u00fccken und fahren dann zum Wanderparkplatz &#8211; Sicht gleich Null und der Regen wird st\u00e4rker! Die Wolken h\u00e4ngen tief!<\/p>\n<p>Auf den Wanderweg zum Kjerag kann man nichts ausser Wolken sehen! Allso starten wir die Wanderung erst gar nicht und fahren wieder ins Tal auf unseren Campingplatz, der inzwischen verwaist ist! <\/p>\n<p><a href=\"http:\/\/felds.de\/wp-content\/uploads\/2015\/06\/image10-e1433954541788.jpg\"><img loading=\"lazy\" src=\"http:\/\/felds.de\/wp-content\/uploads\/2015\/06\/image10-e1433954541788-300x225.jpg\" alt=\"image\" width=\"300\" height=\"225\" class=\"alignnone size-medium wp-image-424\" srcset=\"https:\/\/felds.de\/wp-content\/uploads\/2015\/06\/image10-e1433954541788-300x225.jpg 300w, https:\/\/felds.de\/wp-content\/uploads\/2015\/06\/image10-e1433954541788-400x300.jpg 400w, https:\/\/felds.de\/wp-content\/uploads\/2015\/06\/image10-e1433954541788.jpg 640w\" sizes=\"(max-width: 300px) 100vw, 300px\" \/><\/a><\/p>\n<p>Der Wetterbericht verspricht f\u00fcr morgen wieder Sonnenschein, also bleiben wir im Pub am Campingplatz und relaxen! Beobachten wie eine Horde KorianerINNEN das Pub st\u00fcrmen, sich mit anderen deutschen Bikern fotografieren lassen! Sie verteilen noch korianische Snacks&#8230;. eine eigenartige Begegnung \ud83d\ude09<\/p>\n<p>Wir watscheln ein wenig im Regen umher um dann tropfnass zur\u00fcck ins Pub zu kehren. Alles in allem sehr relaxed&#8230; <\/p>\n<p>Ich nutze die Zeit um den Blog auf Stand zu bringen und die ersten Bilder zu sichten&#8230; <\/p>\n<p>Morgen gibts dann hoffentlich ein Foto vom Kjeragbolten!<\/p>\n","protected":false},"excerpt":{"rendered":"<p>Mission: Regentropfen z\u00e4hlen Etappe: Ein Tag am Lysefjord Ziel: Ziellos Man reist nicht nur um anzukommen, sondern vor allem, um unterwegs zu sein. Johann Wolfgang von Goethe (1749-1832) 08:30 Uhr morgens Koordinaten: 59\u00b0 0\u2032 N , 6\u00b0 14\u2032 O &#8211; &hellip; <a href=\"https:\/\/felds.de\/?p=423\">Weiterlesen <span class=\"meta-nav\">&rarr;<\/span><\/a><\/p>\n","protected":false},"author":1,"featured_media":0,"comment_status":"open","ping_status":"closed","sticky":false,"template":"","format":"standard","meta":[],"categories":[9],"tags":[],"_links":{"self":[{"href":"https:\/\/felds.de\/index.php?rest_route=\/wp\/v2\/posts\/423"}],"collection":[{"href":"https:\/\/felds.de\/index.php?rest_route=\/wp\/v2\/posts"}],"about":[{"href":"https:\/\/felds.de\/index.php?rest_route=\/wp\/v2\/types\/post"}],"author":[{"embeddable":true,"href":"https:\/\/felds.de\/index.php?rest_route=\/wp\/v2\/users\/1"}],"replies":[{"embeddable":true,"href":"https:\/\/felds.de\/index.php?rest_route=%2Fwp%2Fv2%2Fcomments&post=423"}],"version-history":[{"count":4,"href":"https:\/\/felds.de\/index.php?rest_route=\/wp\/v2\/posts\/423\/revisions"}],"predecessor-version":[{"id":428,"href":"https:\/\/felds.de\/index.php?rest_route=\/wp\/v2\/posts\/423\/revisions\/428"}],"wp:attachment":[{"href":"https:\/\/felds.de\/index.php?rest_route=%2Fwp%2Fv2%2Fmedia&parent=423"}],"wp:term":[{"taxonomy":"category","embeddable":true,"href":"https:\/\/felds.de\/index.php?rest_route=%2Fwp%2Fv2%2Fcategories&post=423"},{"taxonomy":"post_tag","embeddable":true,"href":"https:\/\/felds.de\/index.php?rest_route=%2Fwp%2Fv2%2Ftags&post=423"}],"curies":[{"name":"wp","href":"https:\/\/api.w.org\/{rel}","templated":true}]}}