{"id":409,"date":"2015-06-10T10:29:27","date_gmt":"2015-06-10T10:29:27","guid":{"rendered":"http:\/\/felds.de\/?p=409"},"modified":"2020-07-30T17:04:02","modified_gmt":"2020-07-30T17:04:02","slug":"logbucheintrag-20150609","status":"publish","type":"post","link":"https:\/\/felds.de\/?p=409","title":{"rendered":"Logbucheintrag 2015,0609"},"content":{"rendered":"<p><strong>Mission<\/strong>: Immer noch westw\u00e4rts<br \/>\n<strong>Etappe<\/strong>: Schneeschneisen<br \/>\n<strong>Ziel<\/strong>: Lysefjord<\/p>\n<p><em>Reisen ist besonders sch\u00f6n, wenn man nicht wei\u00df, wohin es geht. Aber am allersch\u00f6nsten ist es, wenn man nicht mehr wei\u00df, woher man kommt.<\/em><\/p>\n<p>Wir packen unsere sieben Sachen zusammen und starten gg 11:00 &#8211; fahren in den n\u00e4chsten gr\u00f6\u00dferen Ort und stocken unser Proviant auf &#8211; der Plan ist eine Wanderung zum Kjeragbolten &#8211; ein eingeklemmter Felsbrocken zwischen 2 Felsw\u00e4nden.<\/p>\n<p>Die Strasse dorthin f\u00fchrt uns an schneebedeckten Bergen, gefrorenen Seen und durch mannshohe Schneeschneisen &#8211; der Winter ist also auch im S\u00fcdwesten hart und andauernd! Eine tolle Strecke &#8211; da kommt ein bisschen James Bond Feeling auf, fehlt nur noch der Jaguar auf der Strecke &#8211; naja mein Tiger geht auch als Wildkatze durch \ud83d\ude42 braust zumindest sehr geschmeidig durch die Kurven! Henryk filmt die Strecke mit unserer Actioncamera!<\/p>\n<p><a href=\"http:\/\/felds.de\/wp-content\/uploads\/2015\/06\/image13.jpg\"><img loading=\"lazy\" class=\"alignnone size-medium wp-image-413\" src=\"http:\/\/felds.de\/wp-content\/uploads\/2015\/06\/image13-300x199.jpg\" alt=\"image\" width=\"300\" height=\"199\" srcset=\"https:\/\/felds.de\/wp-content\/uploads\/2015\/06\/image13-300x199.jpg 300w, https:\/\/felds.de\/wp-content\/uploads\/2015\/06\/image13-1024x680.jpg 1024w, https:\/\/felds.de\/wp-content\/uploads\/2015\/06\/image13-451x300.jpg 451w\" sizes=\"(max-width: 300px) 100vw, 300px\" \/><\/a><\/p>\n<p>Wir tr\u00f6deln an sch\u00f6nen Aussichtspunkten, machen Fotos und lassen uns die Sonne auf den Pelz scheinen!<\/p>\n<p>Es wird nachmittag bis wir den Wanderparkplatz von Kjerag erreichen &#8211; zu sp\u00e4t um noch loszugehen &#8211; also fahren wir ins Tal zum Campingplatz! Wieder Spitzkehren&#8230;<\/p>\n<p><a href=\"http:\/\/felds.de\/wp-content\/uploads\/2015\/06\/image14.jpg\"><img loading=\"lazy\" class=\"alignnone size-medium wp-image-414\" src=\"http:\/\/felds.de\/wp-content\/uploads\/2015\/06\/image14-197x300.jpg\" alt=\"image\" width=\"197\" height=\"300\" srcset=\"https:\/\/felds.de\/wp-content\/uploads\/2015\/06\/image14-197x300.jpg 197w, https:\/\/felds.de\/wp-content\/uploads\/2015\/06\/image14.jpg 504w\" sizes=\"(max-width: 197px) 100vw, 197px\" \/><\/a><\/p>\n<p><a href=\"http:\/\/felds.de\/wp-content\/uploads\/2015\/06\/image16.jpg\"><img loading=\"lazy\" class=\"alignnone size-medium wp-image-418\" src=\"http:\/\/felds.de\/wp-content\/uploads\/2015\/06\/image16-300x158.jpg\" alt=\"image\" width=\"300\" height=\"158\" srcset=\"https:\/\/felds.de\/wp-content\/uploads\/2015\/06\/image16-300x158.jpg 300w, https:\/\/felds.de\/wp-content\/uploads\/2015\/06\/image16-500x263.jpg 500w, https:\/\/felds.de\/wp-content\/uploads\/2015\/06\/image16.jpg 1023w\" sizes=\"(max-width: 300px) 100vw, 300px\" \/><\/a><\/p>\n<p>Der Campingplatz liegt direkt am Fjord Lyse! Tosende Wasserf\u00e4lle pl\u00e4tschern ins Wasser&#8230; die Schafe weiden&#8230; Wir grillen&#8230;. und lassen den fr\u00fchen Abend ausklingen.<\/p>\n<p>Es ist wenig los auf dem Platz, ein paar hartgesottene Deutsche mit Motorrad, viele mit Auto und Zelt, wenige Wohnmobile&#8230;<\/p>\n<p>Morgen wollen wir dann zum Kjeragbolten sofern das Wetter h\u00e4lt!<\/p>\n","protected":false},"excerpt":{"rendered":"<p>Mission: Immer noch westw\u00e4rts Etappe: Schneeschneisen Ziel: Lysefjord Reisen ist besonders sch\u00f6n, wenn man nicht wei\u00df, wohin es geht. Aber am allersch\u00f6nsten ist es, wenn man nicht mehr wei\u00df, woher man kommt. Wir packen unsere sieben Sachen zusammen und starten &hellip; <a href=\"https:\/\/felds.de\/?p=409\">Weiterlesen <span class=\"meta-nav\">&rarr;<\/span><\/a><\/p>\n","protected":false},"author":1,"featured_media":0,"comment_status":"open","ping_status":"closed","sticky":false,"template":"","format":"standard","meta":[],"categories":[9],"tags":[],"_links":{"self":[{"href":"https:\/\/felds.de\/index.php?rest_route=\/wp\/v2\/posts\/409"}],"collection":[{"href":"https:\/\/felds.de\/index.php?rest_route=\/wp\/v2\/posts"}],"about":[{"href":"https:\/\/felds.de\/index.php?rest_route=\/wp\/v2\/types\/post"}],"author":[{"embeddable":true,"href":"https:\/\/felds.de\/index.php?rest_route=\/wp\/v2\/users\/1"}],"replies":[{"embeddable":true,"href":"https:\/\/felds.de\/index.php?rest_route=%2Fwp%2Fv2%2Fcomments&post=409"}],"version-history":[{"count":6,"href":"https:\/\/felds.de\/index.php?rest_route=\/wp\/v2\/posts\/409\/revisions"}],"predecessor-version":[{"id":1429,"href":"https:\/\/felds.de\/index.php?rest_route=\/wp\/v2\/posts\/409\/revisions\/1429"}],"wp:attachment":[{"href":"https:\/\/felds.de\/index.php?rest_route=%2Fwp%2Fv2%2Fmedia&parent=409"}],"wp:term":[{"taxonomy":"category","embeddable":true,"href":"https:\/\/felds.de\/index.php?rest_route=%2Fwp%2Fv2%2Fcategories&post=409"},{"taxonomy":"post_tag","embeddable":true,"href":"https:\/\/felds.de\/index.php?rest_route=%2Fwp%2Fv2%2Ftags&post=409"}],"curies":[{"name":"wp","href":"https:\/\/api.w.org\/{rel}","templated":true}]}}