{"id":363,"date":"2015-06-05T11:11:40","date_gmt":"2015-06-05T11:11:40","guid":{"rendered":"http:\/\/felds.de\/?p=363"},"modified":"2015-06-05T18:55:29","modified_gmt":"2015-06-05T18:55:29","slug":"logbucheintrag-20150605","status":"publish","type":"post","link":"https:\/\/felds.de\/?p=363","title":{"rendered":"Logbucheintrag 2015,0605"},"content":{"rendered":"<p><strong>Mission<\/strong>: Equipment zusammenstellen<br \/>\n<strong>Etappe<\/strong>: Koffer f\u00fcllen<br \/>\n<strong>Ziel<\/strong>: Losfahren<\/p>\n<p>Es ist Freitag mittag &#8211; wir sind noch zuhause, draussen brennt der Planet mit 27 Grad <\/p>\n<p><a href=\"http:\/\/felds.de\/wp-content\/uploads\/2015\/06\/image.jpg\"><img loading=\"lazy\" src=\"http:\/\/felds.de\/wp-content\/uploads\/2015\/06\/image-300x178.jpg\" alt=\"image\" width=\"300\" height=\"178\" class=\"alignnone size-medium wp-image-364\" srcset=\"https:\/\/felds.de\/wp-content\/uploads\/2015\/06\/image-300x178.jpg 300w, https:\/\/felds.de\/wp-content\/uploads\/2015\/06\/image-500x296.jpg 500w, https:\/\/felds.de\/wp-content\/uploads\/2015\/06\/image.jpg 660w\" sizes=\"(max-width: 300px) 100vw, 300px\" \/><\/a><\/p>\n<p>Wir waren gerade noch unterwegs die letzten Sachen zu kaufen, ein bisserl was zu bei\u00dfen&#8230; schnell wieder heim&#8230; *schwitz*<\/p>\n<p>Mein Wetter ist das nicht: viel zu hei\u00df! Meine Wohlf\u00fchlzone liegt bei 23 Grad &#8211; Sonne, blauer Himmel und ein laues L\u00fcftchen! Aber es hilft alles nichts die Koffer wollen gef\u00fcllt werden!<br \/>\nDiesmal sind wir 3 Wochen unterwegs und wollen \u00f6fter wandern gehen, daher t\u00fcrmt sich der Klamottenberg ein wenig h\u00f6her! Aber wir haben ja jetzt doppelt so viel Stauraum.<\/p>\n<p>Das Wetter in Norwegen verspricht sonnig zu werden &#8211; 17-21 Grad kaum Wolken am Himmel &#8211; wir werden sehen. Nichtsdestotrotz haben wir wie f\u00fcr ne Wintertour gepackt &#8211; vermutlich schwitzen wir uns nen Wolf&#8230;<\/p>\n<p><a href=\"http:\/\/felds.de\/wp-content\/uploads\/2015\/06\/image1.jpg\"><img loading=\"lazy\" src=\"http:\/\/felds.de\/wp-content\/uploads\/2015\/06\/image1-300x186.jpg\" alt=\"image\" width=\"300\" height=\"186\" class=\"alignnone size-medium wp-image-365\" srcset=\"https:\/\/felds.de\/wp-content\/uploads\/2015\/06\/image1-300x186.jpg 300w, https:\/\/felds.de\/wp-content\/uploads\/2015\/06\/image1-484x300.jpg 484w, https:\/\/felds.de\/wp-content\/uploads\/2015\/06\/image1.jpg 652w\" sizes=\"(max-width: 300px) 100vw, 300px\" \/><\/a><\/p>\n<p>Morgen gehts dann bei Zeiten los in Richtung F\u00e4hre. Bis nach Kiel sind es knapp 700km die wir in 2 Etappen fahren: morgen bis Hannover und am Sontag fr\u00fch die restlichen 250km. Alles hoffentlich stress- und staufreier als beim letzten Mal. Letztens waren wir 30 Min vor F\u00e4hrabfahrt am Checkin und der Puls auf 180! <\/p>\n<p>Inzwischen sind auch die Koffer gepackt:<\/p>\n<p><a href=\"http:\/\/felds.de\/wp-content\/uploads\/2015\/06\/image2-e1433510675377.jpg\"><img loading=\"lazy\" src=\"http:\/\/felds.de\/wp-content\/uploads\/2015\/06\/image2-e1433510675377-300x225.jpg\" alt=\"image\" width=\"300\" height=\"225\" class=\"alignnone size-medium wp-image-371\" srcset=\"https:\/\/felds.de\/wp-content\/uploads\/2015\/06\/image2-e1433510675377-300x225.jpg 300w, https:\/\/felds.de\/wp-content\/uploads\/2015\/06\/image2-e1433510675377-1024x768.jpg 1024w, https:\/\/felds.de\/wp-content\/uploads\/2015\/06\/image2-e1433510675377-400x300.jpg 400w, https:\/\/felds.de\/wp-content\/uploads\/2015\/06\/image2-e1433510675377.jpg 1280w\" sizes=\"(max-width: 300px) 100vw, 300px\" \/><\/a><\/p>\n","protected":false},"excerpt":{"rendered":"<p>Mission: Equipment zusammenstellen Etappe: Koffer f\u00fcllen Ziel: Losfahren Es ist Freitag mittag &#8211; wir sind noch zuhause, draussen brennt der Planet mit 27 Grad Wir waren gerade noch unterwegs die letzten Sachen zu kaufen, ein bisserl was zu bei\u00dfen&#8230; schnell &hellip; <a href=\"https:\/\/felds.de\/?p=363\">Weiterlesen <span class=\"meta-nav\">&rarr;<\/span><\/a><\/p>\n","protected":false},"author":1,"featured_media":0,"comment_status":"open","ping_status":"closed","sticky":false,"template":"","format":"standard","meta":[],"categories":[9],"tags":[],"_links":{"self":[{"href":"https:\/\/felds.de\/index.php?rest_route=\/wp\/v2\/posts\/363"}],"collection":[{"href":"https:\/\/felds.de\/index.php?rest_route=\/wp\/v2\/posts"}],"about":[{"href":"https:\/\/felds.de\/index.php?rest_route=\/wp\/v2\/types\/post"}],"author":[{"embeddable":true,"href":"https:\/\/felds.de\/index.php?rest_route=\/wp\/v2\/users\/1"}],"replies":[{"embeddable":true,"href":"https:\/\/felds.de\/index.php?rest_route=%2Fwp%2Fv2%2Fcomments&post=363"}],"version-history":[{"count":10,"href":"https:\/\/felds.de\/index.php?rest_route=\/wp\/v2\/posts\/363\/revisions"}],"predecessor-version":[{"id":377,"href":"https:\/\/felds.de\/index.php?rest_route=\/wp\/v2\/posts\/363\/revisions\/377"}],"wp:attachment":[{"href":"https:\/\/felds.de\/index.php?rest_route=%2Fwp%2Fv2%2Fmedia&parent=363"}],"wp:term":[{"taxonomy":"category","embeddable":true,"href":"https:\/\/felds.de\/index.php?rest_route=%2Fwp%2Fv2%2Fcategories&post=363"},{"taxonomy":"post_tag","embeddable":true,"href":"https:\/\/felds.de\/index.php?rest_route=%2Fwp%2Fv2%2Ftags&post=363"}],"curies":[{"name":"wp","href":"https:\/\/api.w.org\/{rel}","templated":true}]}}