{"id":279,"date":"2014-08-17T18:17:11","date_gmt":"2014-08-17T18:17:11","guid":{"rendered":"http:\/\/felds.de\/?p=279"},"modified":"2014-08-17T18:17:11","modified_gmt":"2014-08-17T18:17:11","slug":"logbucheintrag-20140816","status":"publish","type":"post","link":"https:\/\/felds.de\/?p=279","title":{"rendered":"Logbucheintrag 2014,0816"},"content":{"rendered":"<p><strong>Mission<\/strong>: Ein Tag auf dem Meer<br \/>\n<strong>Etappe<\/strong>: \u00dcbersetzten<br \/>\n<strong>Ziel<\/strong>: Oslo<\/p>\n<p>Die Blue Colorline, was soll ich sagen: es schwimmt tats\u00e4chlich auf dem Wasser \ud83d\ude09 Irgendwie habe ich mir in meiner kindlichen Vorstellung einen Frachter als F\u00e4hrschiff ausgemalt&#8230;. <\/p>\n<p><a href=\"http:\/\/felds.de\/wp-content\/uploads\/2014\/08\/image1.jpg\"><img loading=\"lazy\" src=\"http:\/\/felds.de\/wp-content\/uploads\/2014\/08\/image1-300x225.jpg\" alt=\"image\" width=\"300\" height=\"225\" class=\"alignnone size-medium wp-image-280\" srcset=\"https:\/\/felds.de\/wp-content\/uploads\/2014\/08\/image1-300x225.jpg 300w, https:\/\/felds.de\/wp-content\/uploads\/2014\/08\/image1-1024x768.jpg 1024w, https:\/\/felds.de\/wp-content\/uploads\/2014\/08\/image1-400x300.jpg 400w, https:\/\/felds.de\/wp-content\/uploads\/2014\/08\/image1.jpg 2048w\" sizes=\"(max-width: 300px) 100vw, 300px\" \/><\/a><\/p>\n<p>Die Colorline ist ein ausgewachsenes Kreuzfahrtschiff mit unz\u00e4hligen Restaurants, kleinen Gesch\u00e4ften und netten Kabinen&#8230; wir haben eine Innenkabine, daf\u00fcr mit Fenster zur Promenade. Promenade heisst in diesem Context einfach Fressgasse \ud83d\ude09<\/p>\n<p>Wir verbringen den gestrigen Nachmittag mit einem Spaziergang an Deck, verweilen an der Sonnenterasse. Es kommt mir vor als w\u00fcrde die Colorline im Meer an einem festen Punkt stehen w\u00e4hrend das K\u00fcstenmassiv scheinbar an uns vorbeischwimmt&#8230; Ganz nebenbei bemerkt: es ist anders herum! \ud83d\ude09<\/p>\n<p>Unter Deck merkt man den leichten Seegang&#8230; es kommt einem so vor als h\u00e4tte man einen im Tee&#8230; oder heimlich ein Schn\u00e4pschen \u00fcber den durst gehickst! <\/p>\n<p>Ich bin gespannt auf die Fjordeinfahrt in Richtung Oslo&#8230; Dr\u00fcckt mir die Daumen, dass der Wettergott es gut mit uns meint! <\/p>\n","protected":false},"excerpt":{"rendered":"<p>Mission: Ein Tag auf dem Meer Etappe: \u00dcbersetzten Ziel: Oslo Die Blue Colorline, was soll ich sagen: es schwimmt tats\u00e4chlich auf dem Wasser \ud83d\ude09 Irgendwie habe ich mir in meiner kindlichen Vorstellung einen Frachter als F\u00e4hrschiff ausgemalt&#8230;. Die Colorline ist &hellip; <a href=\"https:\/\/felds.de\/?p=279\">Weiterlesen <span class=\"meta-nav\">&rarr;<\/span><\/a><\/p>\n","protected":false},"author":1,"featured_media":0,"comment_status":"open","ping_status":"closed","sticky":false,"template":"","format":"standard","meta":[],"categories":[7],"tags":[],"_links":{"self":[{"href":"https:\/\/felds.de\/index.php?rest_route=\/wp\/v2\/posts\/279"}],"collection":[{"href":"https:\/\/felds.de\/index.php?rest_route=\/wp\/v2\/posts"}],"about":[{"href":"https:\/\/felds.de\/index.php?rest_route=\/wp\/v2\/types\/post"}],"author":[{"embeddable":true,"href":"https:\/\/felds.de\/index.php?rest_route=\/wp\/v2\/users\/1"}],"replies":[{"embeddable":true,"href":"https:\/\/felds.de\/index.php?rest_route=%2Fwp%2Fv2%2Fcomments&post=279"}],"version-history":[{"count":1,"href":"https:\/\/felds.de\/index.php?rest_route=\/wp\/v2\/posts\/279\/revisions"}],"predecessor-version":[{"id":281,"href":"https:\/\/felds.de\/index.php?rest_route=\/wp\/v2\/posts\/279\/revisions\/281"}],"wp:attachment":[{"href":"https:\/\/felds.de\/index.php?rest_route=%2Fwp%2Fv2%2Fmedia&parent=279"}],"wp:term":[{"taxonomy":"category","embeddable":true,"href":"https:\/\/felds.de\/index.php?rest_route=%2Fwp%2Fv2%2Fcategories&post=279"},{"taxonomy":"post_tag","embeddable":true,"href":"https:\/\/felds.de\/index.php?rest_route=%2Fwp%2Fv2%2Ftags&post=279"}],"curies":[{"name":"wp","href":"https:\/\/api.w.org\/{rel}","templated":true}]}}