{"id":1318,"date":"2017-08-29T18:04:16","date_gmt":"2017-08-29T18:04:16","guid":{"rendered":"http:\/\/felds.de\/?p=1318"},"modified":"2017-08-29T18:12:21","modified_gmt":"2017-08-29T18:12:21","slug":"logbucheintrag-20170829","status":"publish","type":"post","link":"https:\/\/felds.de\/?p=1318","title":{"rendered":"Logbucheintrag 2017,0829"},"content":{"rendered":"<p><Strong>Mission:<\/Strong>halb \/ halb<br \/>\n<Strong>Etappe:<\/Strong> die E6 geht mir auf den Keks<br \/>\n<Strong>Ziel:<\/Strong>Dovfrefjell<\/p>\n<p>Es pl\u00e4tschert mal wieder auf Magnus&#8216; Dach als ich wach werde&#8230; also starte ich gem\u00fctlich mit Kaffee in den Morgen eh ich mich wieder auf die E6 h\u00e4nge &#8211; dieses schmale St\u00fcck Norwegens hat nur wenig zu bieten bzw. ich hab mich nicht damit besch\u00e4ftigt &#8211; denn mein Ziel liegt klar vor meinen Augen: Dovrefjell Nationalpark&#8230; ich liebe diesen Nationalpark &#8211; ihr werdet es gleich sehen&#8230;<\/p>\n<p>Doch ein paar Infos vorne weg:<\/p>\n<p>1974 gegr\u00fcndet, erstreckt sich auf \u00fcber 1600 Quadratkilometer &#8211; die h\u00f6chste Erhebung ist der Sn\u00f8hetta mit 2206m im Westen des Parks. Der Nationalpark ist ein Eldorado f\u00fcr Wanderer und Naturfotografen. Neben Elchsafaris werden auch Moschusochsen gesichtet &#8211; die wurden vor Jahrzehnten aus Gr\u00f6nland eingef\u00fchrt.<\/p>\n<p>Irgendwann mach ich mal so ne Safari mit &#8211; aber heute belasse ich es beim spazieren durch das Fjell und mal wieder den Finger am Ausl\u00f6ser&#8230;<\/p>\n<p><a href=\"http:\/\/felds.de\/wp-content\/uploads\/2017\/08\/IMG_0568.jpg\"><img loading=\"lazy\" src=\"http:\/\/felds.de\/wp-content\/uploads\/2017\/08\/IMG_0568-300x167.jpg\" alt=\"\" width=\"300\" height=\"167\" class=\"alignnone size-medium wp-image-1319\" srcset=\"https:\/\/felds.de\/wp-content\/uploads\/2017\/08\/IMG_0568-300x167.jpg 300w, https:\/\/felds.de\/wp-content\/uploads\/2017\/08\/IMG_0568-768x428.jpg 768w, https:\/\/felds.de\/wp-content\/uploads\/2017\/08\/IMG_0568-1024x571.jpg 1024w, https:\/\/felds.de\/wp-content\/uploads\/2017\/08\/IMG_0568-500x279.jpg 500w\" sizes=\"(max-width: 300px) 100vw, 300px\" \/><\/a><\/p>\n<p><a href=\"http:\/\/felds.de\/wp-content\/uploads\/2017\/08\/IMG_0569.jpg\"><img loading=\"lazy\" src=\"http:\/\/felds.de\/wp-content\/uploads\/2017\/08\/IMG_0569-300x167.jpg\" alt=\"\" width=\"300\" height=\"167\" class=\"alignnone size-medium wp-image-1320\" srcset=\"https:\/\/felds.de\/wp-content\/uploads\/2017\/08\/IMG_0569-300x167.jpg 300w, https:\/\/felds.de\/wp-content\/uploads\/2017\/08\/IMG_0569-768x429.jpg 768w, https:\/\/felds.de\/wp-content\/uploads\/2017\/08\/IMG_0569-1024x571.jpg 1024w, https:\/\/felds.de\/wp-content\/uploads\/2017\/08\/IMG_0569-500x279.jpg 500w\" sizes=\"(max-width: 300px) 100vw, 300px\" \/><\/a><\/p>\n<p><a href=\"http:\/\/felds.de\/wp-content\/uploads\/2017\/08\/IMG_0570.jpg\"><img loading=\"lazy\" src=\"http:\/\/felds.de\/wp-content\/uploads\/2017\/08\/IMG_0570-300x166.jpg\" alt=\"\" width=\"300\" height=\"166\" class=\"alignnone size-medium wp-image-1321\" srcset=\"https:\/\/felds.de\/wp-content\/uploads\/2017\/08\/IMG_0570-300x166.jpg 300w, https:\/\/felds.de\/wp-content\/uploads\/2017\/08\/IMG_0570-768x424.jpg 768w, https:\/\/felds.de\/wp-content\/uploads\/2017\/08\/IMG_0570-1024x565.jpg 1024w, https:\/\/felds.de\/wp-content\/uploads\/2017\/08\/IMG_0570-500x276.jpg 500w\" sizes=\"(max-width: 300px) 100vw, 300px\" \/><\/a><\/p>\n<p><Strong>Temperatur (F\/M\/A): <\/Strong> 15\/18\/5 (nachts werden 0 Grad erwartet)<br \/>\n<Strong>Must\/Don&#8217;t See: <\/Strong>Dovrefjell ist Pflicht<br \/>\n<Strong>Tagesetappe(Start\/Ende): <\/Strong> 09:00 Grong  &#8211; 16:00 Dovrefjell<br \/>\n<Strong>gefahrene km: <\/Strong> +\/-  360<br \/>\n<Strong>Lager: <\/Strong>  Furuhaugly Turishytter (tolle Lage, inmitten eines Birkenwaldes)<br \/>\n<Strong>Ein Wort \/Satz in der Landessprache: <\/Strong> Ingen Dusj<\/p>\n<p>Interessant ist auch sobald die Norweger merken man kann ein bissi norwegisch &#8211; dann k\u00f6nnen die auf einmal nur noch ganz wenig Englisch &#8211; bis mir dann die norwegischen Worte ausgehen, dann plappern sie auf Englisch mit mir weiter&#8230;  also Brabbel ich immer munter in norwegisch drauf los &#8211; zwischendurch englisch und dann wird mir wieder auf norwegisch weiter geholfen &#8211; indem mein Englisch ins norwegische \u00fcbersetzt wird&#8230; sch\u00f6n denn so ist der Lerneffekt am gr\u00f6\u00dften&#8230;<\/p>\n<p><em><strong>Liebe mich dann wenn ich es am wenigsten verdient habe, denn dann brauche ich es am meisten<\/strong><\/em><br \/>\nUnbekannt<\/p>\n","protected":false},"excerpt":{"rendered":"<p>Mission:halb \/ halb Etappe: die E6 geht mir auf den Keks Ziel:Dovfrefjell Es pl\u00e4tschert mal wieder auf Magnus&#8216; Dach als ich wach werde&#8230; also starte ich gem\u00fctlich mit Kaffee in den Morgen eh ich mich wieder auf die E6 h\u00e4nge &hellip; <a href=\"https:\/\/felds.de\/?p=1318\">Weiterlesen <span class=\"meta-nav\">&rarr;<\/span><\/a><\/p>\n","protected":false},"author":1,"featured_media":0,"comment_status":"open","ping_status":"closed","sticky":false,"template":"","format":"standard","meta":[],"categories":[9],"tags":[],"_links":{"self":[{"href":"https:\/\/felds.de\/index.php?rest_route=\/wp\/v2\/posts\/1318"}],"collection":[{"href":"https:\/\/felds.de\/index.php?rest_route=\/wp\/v2\/posts"}],"about":[{"href":"https:\/\/felds.de\/index.php?rest_route=\/wp\/v2\/types\/post"}],"author":[{"embeddable":true,"href":"https:\/\/felds.de\/index.php?rest_route=\/wp\/v2\/users\/1"}],"replies":[{"embeddable":true,"href":"https:\/\/felds.de\/index.php?rest_route=%2Fwp%2Fv2%2Fcomments&post=1318"}],"version-history":[{"count":3,"href":"https:\/\/felds.de\/index.php?rest_route=\/wp\/v2\/posts\/1318\/revisions"}],"predecessor-version":[{"id":1324,"href":"https:\/\/felds.de\/index.php?rest_route=\/wp\/v2\/posts\/1318\/revisions\/1324"}],"wp:attachment":[{"href":"https:\/\/felds.de\/index.php?rest_route=%2Fwp%2Fv2%2Fmedia&parent=1318"}],"wp:term":[{"taxonomy":"category","embeddable":true,"href":"https:\/\/felds.de\/index.php?rest_route=%2Fwp%2Fv2%2Fcategories&post=1318"},{"taxonomy":"post_tag","embeddable":true,"href":"https:\/\/felds.de\/index.php?rest_route=%2Fwp%2Fv2%2Ftags&post=1318"}],"curies":[{"name":"wp","href":"https:\/\/api.w.org\/{rel}","templated":true}]}}