{"id":1281,"date":"2017-08-28T08:10:22","date_gmt":"2017-08-28T08:10:22","guid":{"rendered":"http:\/\/felds.de\/?p=1281"},"modified":"2017-08-29T06:35:36","modified_gmt":"2017-08-29T06:35:36","slug":"logbucheintrag-20170827","status":"publish","type":"post","link":"https:\/\/felds.de\/?p=1281","title":{"rendered":"Logbucheintrag 2017,0827"},"content":{"rendered":"<p><Strong>Mission:<\/Strong>ein Tag wie er sch\u00f6ner nicht h\u00e4tte werden k\u00f6nnen<br \/>\n<Strong>Etappe:<\/Strong> Helgelandskysten<br \/>\n<Strong>Ziel:<\/Strong> wieder unterm Polarkreis<\/p>\n<p><strong>Under construchtion&#8230;<\/strong><\/p>\n<p>Ich wei\u00df gar nicht wo ich anfangen soll &#8211; da ich heut wahnsinnig viel erlebt habe &#8211; bin noch immer wie in Trance und versuche meine Gedanken zu ordnen.<\/p>\n<p>Aber fangen wir mit Narvik an. Narvik erinnert mich ein klitzeklein wenig an Vancouver Canada &#8211; aber ehrlicherweise auch nur ein klein bisschen &#8211; vermutlich liegt es an den Schnee-gezuckerten Bergen die um die Wette mit 3 Hochh\u00e4usern buhlen, wer wohl am h\u00f6chsten ist. Die Stadt hat ca. 19.000 Einwohner und ist vielleicht dem ein oder anderen bekannt Weg. Der Schlacht um Narvik in den 40iger Jahren &#8211; w\u00e4hrend des 2ten Weltkrieges. Also wenn ich ehrlich bin bevor ich in Norwegen war, war mir das v\u00f6llig unbekannt.<\/p>\n<p>Narvik ist und war ein wichtiger Hafen f\u00fcr die Verschiffung von Eisenerz aus dem Gebiet von Kiruna, Schweden. Dank des Golfstroms ist der Hafen das ganze Jahr \u00fcber eisfrei. Der Golfstrom ist auch die Ursache f\u00fcr das relativ milde Klima. Trotz der Lage auf 68\u00b0 25&#8242; n.Br. wird es im Januar, dem k\u00e4ltesten Monat, nur -4,5\u00a0\u00b0C kalt; die Jahresdurchschnittstemperatur liegt bei 3,7\u00a0\u00b0C. Und ums Eisenerz ging es auch im 2ten Weltkrieg.<\/p>\n<p>F\u00fcr die deutsche Kriegsindustrie war das Eisenerz die schwedischen Grube Kiruna von strategischer Bedeutung. Von Narvik aus wurde das Eisenerz ins Deutsche Reich verschifft \u2013 meistens in den Emder Hafen, der fast w\u00e4hrend des gesamten 20. Jahrhunderts der Hauptumschlagplatz von Erz f\u00fcr die Eisenh\u00fctten des Ruhrgebiets bildete.<\/p>\n<p>Es gibt ein paar Denkm\u00e4ler die \u00fcber die Schlacht um Narvik 1940 berichten &#8211; die lasse ich aber links liegen, weil man ja schlie\u00dflich auch irgendwann die Kriegsvergangenheit links liegen lassen sollte.<\/p>\n<p>Noch kurz vor Narvik kommt mir die Br\u00fccke etwas seltsam vor&#8230; wer findet den Fehler?<\/p>\n<p><a href=\"http:\/\/felds.de\/wp-content\/uploads\/2017\/08\/Snapseed-1.jpg\"><img loading=\"lazy\" src=\"http:\/\/felds.de\/wp-content\/uploads\/2017\/08\/Snapseed-1-300x201.jpg\" alt=\"\" width=\"300\" height=\"201\" class=\"alignnone size-medium wp-image-1285\" srcset=\"https:\/\/felds.de\/wp-content\/uploads\/2017\/08\/Snapseed-1-300x201.jpg 300w, https:\/\/felds.de\/wp-content\/uploads\/2017\/08\/Snapseed-1-768x513.jpg 768w, https:\/\/felds.de\/wp-content\/uploads\/2017\/08\/Snapseed-1-1024x685.jpg 1024w, https:\/\/felds.de\/wp-content\/uploads\/2017\/08\/Snapseed-1-449x300.jpg 449w, https:\/\/felds.de\/wp-content\/uploads\/2017\/08\/Snapseed-1.jpg 1548w\" sizes=\"(max-width: 300px) 100vw, 300px\" \/><\/a><\/p>\n<p>Eine neue H\u00e4ngebr\u00fccke wird gebaut, die 2018 fertig werden soll &#8211; so wie es aussieht wird das auch der Fall sein &#8211; die Baufirma ist fest in chinesischer Hand &#8211; sind wohl Spezialisten f\u00fcr H\u00e4ngebr\u00fccken. Ich find es irgendwie spannend, denn normalerweise sieht man immer nur die fertigen Br\u00fccken und nicht die Rohform.<\/p>\n<p><a href=\"http:\/\/felds.de\/wp-content\/uploads\/2017\/08\/D5EC2C3D-2AE3-4417-BB84-18CAAD21DB02.jpg\"><img loading=\"lazy\" src=\"http:\/\/felds.de\/wp-content\/uploads\/2017\/08\/D5EC2C3D-2AE3-4417-BB84-18CAAD21DB02-300x200.jpg\" alt=\"\" width=\"300\" height=\"200\" class=\"alignnone size-medium wp-image-1286\" srcset=\"https:\/\/felds.de\/wp-content\/uploads\/2017\/08\/D5EC2C3D-2AE3-4417-BB84-18CAAD21DB02-300x200.jpg 300w, https:\/\/felds.de\/wp-content\/uploads\/2017\/08\/D5EC2C3D-2AE3-4417-BB84-18CAAD21DB02-768x513.jpg 768w, https:\/\/felds.de\/wp-content\/uploads\/2017\/08\/D5EC2C3D-2AE3-4417-BB84-18CAAD21DB02-1024x684.jpg 1024w, https:\/\/felds.de\/wp-content\/uploads\/2017\/08\/D5EC2C3D-2AE3-4417-BB84-18CAAD21DB02-449x300.jpg 449w, https:\/\/felds.de\/wp-content\/uploads\/2017\/08\/D5EC2C3D-2AE3-4417-BB84-18CAAD21DB02.jpg 1616w\" sizes=\"(max-width: 300px) 100vw, 300px\" \/><\/a><\/p>\n<p>Zwischendurch noch ein Paar Fotostopps, es geht leider nicht ohne &#x1f631; Ich schalte mich in die B\u00fcsche, robbe auf allen vieren und haue mir das Knie blutig&#8230; wenn ich ein Foto will, dann will ich das&#8230; komme was wolle.<\/p>\n<p><a href=\"http:\/\/felds.de\/wp-content\/uploads\/2017\/08\/Snapseed-2.jpg\"><img loading=\"lazy\" src=\"http:\/\/felds.de\/wp-content\/uploads\/2017\/08\/Snapseed-2-300x200.jpg\" alt=\"\" width=\"300\" height=\"200\" class=\"alignnone size-medium wp-image-1289\" srcset=\"https:\/\/felds.de\/wp-content\/uploads\/2017\/08\/Snapseed-2-300x200.jpg 300w, https:\/\/felds.de\/wp-content\/uploads\/2017\/08\/Snapseed-2-768x513.jpg 768w, https:\/\/felds.de\/wp-content\/uploads\/2017\/08\/Snapseed-2-1024x684.jpg 1024w, https:\/\/felds.de\/wp-content\/uploads\/2017\/08\/Snapseed-2-449x300.jpg 449w, https:\/\/felds.de\/wp-content\/uploads\/2017\/08\/Snapseed-2.jpg 1616w\" sizes=\"(max-width: 300px) 100vw, 300px\" \/><\/a><\/p>\n<p>In Kj\u00f8psvik gehe ich auf die F\u00e4hre in Richtung Drag. <\/p>\n<p><a href=\"http:\/\/felds.de\/wp-content\/uploads\/2017\/08\/IMG_0507.jpg\"><img loading=\"lazy\" src=\"http:\/\/felds.de\/wp-content\/uploads\/2017\/08\/IMG_0507-284x300.jpg\" alt=\"\" width=\"284\" height=\"300\" class=\"alignnone size-medium wp-image-1288\" srcset=\"https:\/\/felds.de\/wp-content\/uploads\/2017\/08\/IMG_0507-284x300.jpg 284w, https:\/\/felds.de\/wp-content\/uploads\/2017\/08\/IMG_0507-768x812.jpg 768w, https:\/\/felds.de\/wp-content\/uploads\/2017\/08\/IMG_0507-968x1024.jpg 968w, https:\/\/felds.de\/wp-content\/uploads\/2017\/08\/IMG_0507.jpg 1159w\" sizes=\"(max-width: 284px) 100vw, 284px\" \/><\/a><\/p>\n<p><a href=\"http:\/\/felds.de\/wp-content\/uploads\/2017\/08\/image2-3-e1503925019660.jpg\"><img loading=\"lazy\" src=\"http:\/\/felds.de\/wp-content\/uploads\/2017\/08\/image2-3-e1503925019660-225x300.jpg\" alt=\"\" width=\"225\" height=\"300\" class=\"alignnone size-medium wp-image-1287\" srcset=\"https:\/\/felds.de\/wp-content\/uploads\/2017\/08\/image2-3-e1503925019660-225x300.jpg 225w, https:\/\/felds.de\/wp-content\/uploads\/2017\/08\/image2-3-e1503925019660-768x1024.jpg 768w, https:\/\/felds.de\/wp-content\/uploads\/2017\/08\/image2-3-e1503925019660.jpg 1224w\" sizes=\"(max-width: 225px) 100vw, 225px\" \/><\/a><\/p>\n<p>Hier lerne ich den F\u00e4hrmann Fred kennen, ein sehr freundlicher und netter Norweger (Anmerkung der Redaktion: bislang habe ich nur nette, freundliche und hilfsbereite Norweger kennen gelernt) der auf der F\u00e4hre arbeitet und seht gut Deutsch spricht. Und gl\u00fccklicherweise muss ich mir nicht 2 Goldst\u00fccke auf die Augen legen um den Fjord zu \u00fcberqueren (Hommage an den Fluss der Unterwelt: Styx)<\/p>\n<p>Unverzichtbar das obligatorische F\u00e4hr-Mittagsmen\u00fc:<\/p>\n<p>Sm\u00f8rebr\u00f8d med laks<\/p>\n<p><a href=\"http:\/\/felds.de\/wp-content\/uploads\/2017\/08\/image3-3.jpg\"><img loading=\"lazy\" src=\"http:\/\/felds.de\/wp-content\/uploads\/2017\/08\/image3-3-300x225.jpg\" alt=\"\" width=\"300\" height=\"225\" class=\"alignnone size-medium wp-image-1292\" srcset=\"https:\/\/felds.de\/wp-content\/uploads\/2017\/08\/image3-3-300x225.jpg 300w, https:\/\/felds.de\/wp-content\/uploads\/2017\/08\/image3-3-768x576.jpg 768w, https:\/\/felds.de\/wp-content\/uploads\/2017\/08\/image3-3-1024x768.jpg 1024w, https:\/\/felds.de\/wp-content\/uploads\/2017\/08\/image3-3-400x300.jpg 400w, https:\/\/felds.de\/wp-content\/uploads\/2017\/08\/image3-3.jpg 1632w\" sizes=\"(max-width: 300px) 100vw, 300px\" \/><\/a><\/p>\n<p>Fred zeigt mir tolle Bilder seiner Heimat und &#8211; wenn ich ihn Richtig verstanden habe wohnt er in Steigen mit seiner Familie &#8211; er empfiehlt mir Steigen Sj\u00f8hus &#8211; dass muss ich mir unbedingt beim n\u00e4chsten Mal ansehen. Wir quatschten eine Weile und ich lerne: wir sind hier nur 3 km von der schwedischen Grenze entfernt &#8211; und als F\u00e4hrmann arbeitet man immer 2 Wochen und hat dann 2 Wochen frei &#8211; ein sehr interessantes Arbeitsmodell, wie ich finde. Daf\u00fcr dauert die Schicht dann aber auch 12 Std. t\u00e4glich &#8211; von 9:00-21 Uhr. Die F\u00e4hre ist eine Hybridf\u00e4hre und ratet mal wer den Antrieb gebaut hat? Ja&#8230; Siemens da f\u00fchl ich mich gleich viel sicherer auf der F\u00e4hre &#x1f644;<\/p>\n<p><a href=\"http:\/\/felds.de\/wp-content\/uploads\/2017\/08\/image4-3.jpg\"><img loading=\"lazy\" src=\"http:\/\/felds.de\/wp-content\/uploads\/2017\/08\/image4-3-300x225.jpg\" alt=\"\" width=\"300\" height=\"225\" class=\"alignnone size-medium wp-image-1291\" srcset=\"https:\/\/felds.de\/wp-content\/uploads\/2017\/08\/image4-3-300x225.jpg 300w, https:\/\/felds.de\/wp-content\/uploads\/2017\/08\/image4-3-768x576.jpg 768w, https:\/\/felds.de\/wp-content\/uploads\/2017\/08\/image4-3-1024x768.jpg 1024w, https:\/\/felds.de\/wp-content\/uploads\/2017\/08\/image4-3-400x300.jpg 400w, https:\/\/felds.de\/wp-content\/uploads\/2017\/08\/image4-3.jpg 1632w\" sizes=\"(max-width: 300px) 100vw, 300px\" \/><\/a><\/p>\n<p>Aber ich bin heil angekommen, sonst k\u00f6nntet ihr den Blog nicht lesen <\/p>\n<p>Nachmittags geht es weiter in Richtung S\u00fcden &#8211; ich will \u00fcber die Helgelandskyste den Polarkreis \u00fcberqueren. Immer wenn ich denk ich hab schon alles gesehen und mich kann nichts mehr \u00fcberraschen, dann hat Norge immer wieder ein i-T\u00fcpfelchen parat. Die K\u00fcstenstra\u00dfe f\u00fchrt an Naturph\u00e4nomenen vorbei wie dem Saltstraumen, dem gr\u00f6\u00dften Gezeitenstrom der Welt, oder Svartisen, Norwegens zweitgr\u00f6\u00dftem Gletscher. <\/p>\n<p>In God\u00f8ystraumen hat es sich ein Elch in einem Vorgarten gem\u00fctlich gemacht &#8211; da die Touris alle schon mit schwerem Ger\u00e4t davor einen Stau bilden, fahre ich weiter&#8230; ist halt ein Elch in einem Vorgarten &#x1f644;<\/p>\n<p>Die Stra\u00dfe verl\u00e4uft entlang der K\u00fcste und wieder einmal hast so so eine Kulisse nirgends in Norwegen gesehen &#8211; deswegen liebe ich Norwegen so &#8211; hinter jeder Kurve lauert eine \u00dcberraschung. <\/p>\n<p><a href=\"http:\/\/felds.de\/wp-content\/uploads\/2017\/08\/IMG_0526.jpg\"><img loading=\"lazy\" src=\"http:\/\/felds.de\/wp-content\/uploads\/2017\/08\/IMG_0526-300x199.jpg\" alt=\"\" width=\"300\" height=\"199\" class=\"alignnone size-medium wp-image-1296\" srcset=\"https:\/\/felds.de\/wp-content\/uploads\/2017\/08\/IMG_0526-300x199.jpg 300w, https:\/\/felds.de\/wp-content\/uploads\/2017\/08\/IMG_0526-768x510.jpg 768w, https:\/\/felds.de\/wp-content\/uploads\/2017\/08\/IMG_0526-1024x680.jpg 1024w, https:\/\/felds.de\/wp-content\/uploads\/2017\/08\/IMG_0526-452x300.jpg 452w\" sizes=\"(max-width: 300px) 100vw, 300px\" \/><\/a><\/p>\n<p>Ich rei\u00dfe mich am Riemen um nicht an jeder Ecke einen Fotostopp einzulegen, denn ich m\u00f6chte heute noch den Polarkreis per F\u00e4hre \u00fcberqueren. <\/p>\n<p>Also Klappe ich zuweilen manuell die Kinnluke wieder ein um dann die Luke am Svartisen Gletscher g\u00e4nzlich auf den Boden fallen zu lassen &#x1f61c; Dem zweit gr\u00f6\u00dften Gletscher Norwegens.<\/p>\n<p>Allerdings mache ich vorher auch noch ein Foto vom falschen Gletscher! Auch sch\u00f6n, oder?<\/p>\n<p><a href=\"http:\/\/felds.de\/wp-content\/uploads\/2017\/08\/IMG_0529.jpg\"><img loading=\"lazy\" src=\"http:\/\/felds.de\/wp-content\/uploads\/2017\/08\/IMG_0529-300x198.jpg\" alt=\"\" width=\"300\" height=\"198\" class=\"alignnone size-medium wp-image-1297\" srcset=\"https:\/\/felds.de\/wp-content\/uploads\/2017\/08\/IMG_0529-300x198.jpg 300w, https:\/\/felds.de\/wp-content\/uploads\/2017\/08\/IMG_0529-768x507.jpg 768w, https:\/\/felds.de\/wp-content\/uploads\/2017\/08\/IMG_0529-1024x675.jpg 1024w, https:\/\/felds.de\/wp-content\/uploads\/2017\/08\/IMG_0529-455x300.jpg 455w\" sizes=\"(max-width: 300px) 100vw, 300px\" \/><\/a><\/p>\n<p>Hier der Svartisen:<\/p>\n<p><a href=\"http:\/\/felds.de\/wp-content\/uploads\/2017\/08\/IMG_0527.jpg\"><img loading=\"lazy\" src=\"http:\/\/felds.de\/wp-content\/uploads\/2017\/08\/IMG_0527-300x198.jpg\" alt=\"\" width=\"300\" height=\"198\" class=\"alignnone size-medium wp-image-1298\" srcset=\"https:\/\/felds.de\/wp-content\/uploads\/2017\/08\/IMG_0527-300x198.jpg 300w, https:\/\/felds.de\/wp-content\/uploads\/2017\/08\/IMG_0527-768x507.jpg 768w, https:\/\/felds.de\/wp-content\/uploads\/2017\/08\/IMG_0527-1024x676.jpg 1024w, https:\/\/felds.de\/wp-content\/uploads\/2017\/08\/IMG_0527-454x300.jpg 454w\" sizes=\"(max-width: 300px) 100vw, 300px\" \/><\/a><\/p>\n<p>Um 19:00 komme ich in Jektvik an &#8211; das ist die F\u00e4hre die mich \u00fcber bzw. unter den Polarkreis schippern soll &#8211; leider muss ich 1 1\/2 Std. Auf die letzte F\u00e4hre warten &#8211; also was nun? Na klar erstmal Abendbrot machen &#8211; Magnus sei Dank&#8230;. Neben den Menschen, und Eindr\u00fccken die einem auf Reisen begegnet, sind es genau diese Momente die ich im Urlaub so liebe&#8230; diese kleine Dinge, einfach nicht mit Gold aufzuwiegen&#8230;.<\/p>\n<p><a href=\"http:\/\/felds.de\/wp-content\/uploads\/2017\/08\/image1-7.jpg\"><img loading=\"lazy\" src=\"http:\/\/felds.de\/wp-content\/uploads\/2017\/08\/image1-7-300x225.jpg\" alt=\"\" width=\"300\" height=\"225\" class=\"alignnone size-medium wp-image-1300\" srcset=\"https:\/\/felds.de\/wp-content\/uploads\/2017\/08\/image1-7-300x225.jpg 300w, https:\/\/felds.de\/wp-content\/uploads\/2017\/08\/image1-7-768x576.jpg 768w, https:\/\/felds.de\/wp-content\/uploads\/2017\/08\/image1-7-1024x768.jpg 1024w, https:\/\/felds.de\/wp-content\/uploads\/2017\/08\/image1-7-400x300.jpg 400w, https:\/\/felds.de\/wp-content\/uploads\/2017\/08\/image1-7.jpg 1632w\" sizes=\"(max-width: 300px) 100vw, 300px\" \/><\/a><\/p>\n<p>In Jektvik geht langsam die Sonne unter<\/p>\n<p><a href=\"http:\/\/felds.de\/wp-content\/uploads\/2017\/08\/IMG_0528.jpg\"><img loading=\"lazy\" src=\"http:\/\/felds.de\/wp-content\/uploads\/2017\/08\/IMG_0528-300x200.jpg\" alt=\"\" width=\"300\" height=\"200\" class=\"alignnone size-medium wp-image-1301\" srcset=\"https:\/\/felds.de\/wp-content\/uploads\/2017\/08\/IMG_0528-300x200.jpg 300w, https:\/\/felds.de\/wp-content\/uploads\/2017\/08\/IMG_0528-768x511.jpg 768w, https:\/\/felds.de\/wp-content\/uploads\/2017\/08\/IMG_0528-1024x681.jpg 1024w, https:\/\/felds.de\/wp-content\/uploads\/2017\/08\/IMG_0528-451x300.jpg 451w\" sizes=\"(max-width: 300px) 100vw, 300px\" \/><\/a><\/p>\n<p>aber Pktl. Trudelt die F\u00e4hre ein und schippert mich \u00fcber den Polarkreis&#8230;<\/p>\n<p><a href=\"http:\/\/felds.de\/wp-content\/uploads\/2017\/08\/image2-4.jpg\"><img loading=\"lazy\" src=\"http:\/\/felds.de\/wp-content\/uploads\/2017\/08\/image2-4-300x202.jpg\" alt=\"\" width=\"300\" height=\"202\" class=\"alignnone size-medium wp-image-1302\" srcset=\"https:\/\/felds.de\/wp-content\/uploads\/2017\/08\/image2-4-300x202.jpg 300w, https:\/\/felds.de\/wp-content\/uploads\/2017\/08\/image2-4-768x517.jpg 768w, https:\/\/felds.de\/wp-content\/uploads\/2017\/08\/image2-4-445x300.jpg 445w, https:\/\/felds.de\/wp-content\/uploads\/2017\/08\/image2-4.jpg 950w\" sizes=\"(max-width: 300px) 100vw, 300px\" \/><\/a><\/p>\n<p>Langsam schmerzt mir der Arm vom dauernden Kinnluken zu dr\u00fccken &#x1f61c; Aber es wird nicht das letzte Mal sein&#8230; um 21:30 trudeln ich am Polar Camp ein &#8211; und will noch W\u00e4rmflaschenwasser kochen und dabei kuck ich in den Himmel&#8230; neee, oder? Echt jetzt? Ist nicht euer Ernst!!! Oooohhhh Doch! Polarlicht vom allerfeinsten&#8230;. Interssant ist auch, die Norweger l\u00e4sst das v\u00f6llig kalt &#8211; in Windeseile hol ich mein Stativ herbei &#8211; und bewaffnet mit Chips harre ich die n\u00e4chsten 2 Std. Aus &#8211; immer wieder die Lichter&#8230; ph\u00e4nomenal&#8230; ich danke dir meine &#x1f31e;<\/p>\n<p>Kino ist v\u00f6llig langweilig im Vergleich dazu:<\/p>\n<p><a href=\"http:\/\/felds.de\/wp-content\/uploads\/2017\/08\/IMG_0532.jpg\"><img loading=\"lazy\" src=\"http:\/\/felds.de\/wp-content\/uploads\/2017\/08\/IMG_0532-300x199.jpg\" alt=\"\" width=\"300\" height=\"199\" class=\"alignnone size-medium wp-image-1305\" srcset=\"https:\/\/felds.de\/wp-content\/uploads\/2017\/08\/IMG_0532-300x199.jpg 300w, https:\/\/felds.de\/wp-content\/uploads\/2017\/08\/IMG_0532-768x510.jpg 768w, https:\/\/felds.de\/wp-content\/uploads\/2017\/08\/IMG_0532-1024x680.jpg 1024w, https:\/\/felds.de\/wp-content\/uploads\/2017\/08\/IMG_0532-452x300.jpg 452w\" sizes=\"(max-width: 300px) 100vw, 300px\" \/><\/a><\/p>\n<p><a href=\"http:\/\/felds.de\/wp-content\/uploads\/2017\/08\/IMG_0533.jpg\"><img loading=\"lazy\" src=\"http:\/\/felds.de\/wp-content\/uploads\/2017\/08\/IMG_0533-300x300.jpg\" alt=\"\" width=\"300\" height=\"300\" class=\"alignnone size-medium wp-image-1306\" srcset=\"https:\/\/felds.de\/wp-content\/uploads\/2017\/08\/IMG_0533-300x300.jpg 300w, https:\/\/felds.de\/wp-content\/uploads\/2017\/08\/IMG_0533-150x150.jpg 150w, https:\/\/felds.de\/wp-content\/uploads\/2017\/08\/IMG_0533-768x767.jpg 768w, https:\/\/felds.de\/wp-content\/uploads\/2017\/08\/IMG_0533-1024x1024.jpg 1024w, https:\/\/felds.de\/wp-content\/uploads\/2017\/08\/IMG_0533.jpg 1670w\" sizes=\"(max-width: 300px) 100vw, 300px\" \/><\/a><\/p>\n<p>Nur f\u00fcrs Protokoll: es ist der 27. August 2017 22:35 Uhr &#8211; ich bin unter dem Polarkreis und es hat POLARLICHT!!!!<\/p>\n<p><Strong>Temperatur (F\/M\/A): <\/Strong> 15\/17\/10<br \/>\n<Strong>Must\/Don&#8217;t See: <\/Strong>Helgelandskyste<br \/>\n<Strong>Tagesetappe(Start\/Ende): <\/Strong> 8:30 Narvik  &#8211; 21:45 unterm Polarkreis<br \/>\n<Strong>gefahrene km: <\/Strong> +\/-  560<br \/>\n<Strong>Lager: <\/Strong>  Polar Camp<br \/>\n<Strong>Ein Wort \/Satz in der Landessprache: <\/Strong> En, to, tre, vier, fem, seks, sju&#8230;<\/p>\n<p><em><strong>Die Zukunft geh\u00f6rt denen, die an die Wahrhaftigkeit ihrer Tr\u00e4ume glauben.<\/strong><\/em><br \/>\nEleanore Roosevelt<\/p>\n","protected":false},"excerpt":{"rendered":"<p>Mission:ein Tag wie er sch\u00f6ner nicht h\u00e4tte werden k\u00f6nnen Etappe: Helgelandskysten Ziel: wieder unterm Polarkreis Under construchtion&#8230; Ich wei\u00df gar nicht wo ich anfangen soll &#8211; da ich heut wahnsinnig viel erlebt habe &#8211; bin noch immer wie in Trance &hellip; <a href=\"https:\/\/felds.de\/?p=1281\">Weiterlesen <span class=\"meta-nav\">&rarr;<\/span><\/a><\/p>\n","protected":false},"author":1,"featured_media":0,"comment_status":"open","ping_status":"closed","sticky":false,"template":"","format":"standard","meta":[],"categories":[9],"tags":[],"_links":{"self":[{"href":"https:\/\/felds.de\/index.php?rest_route=\/wp\/v2\/posts\/1281"}],"collection":[{"href":"https:\/\/felds.de\/index.php?rest_route=\/wp\/v2\/posts"}],"about":[{"href":"https:\/\/felds.de\/index.php?rest_route=\/wp\/v2\/types\/post"}],"author":[{"embeddable":true,"href":"https:\/\/felds.de\/index.php?rest_route=\/wp\/v2\/users\/1"}],"replies":[{"embeddable":true,"href":"https:\/\/felds.de\/index.php?rest_route=%2Fwp%2Fv2%2Fcomments&post=1281"}],"version-history":[{"count":15,"href":"https:\/\/felds.de\/index.php?rest_route=\/wp\/v2\/posts\/1281\/revisions"}],"predecessor-version":[{"id":1315,"href":"https:\/\/felds.de\/index.php?rest_route=\/wp\/v2\/posts\/1281\/revisions\/1315"}],"wp:attachment":[{"href":"https:\/\/felds.de\/index.php?rest_route=%2Fwp%2Fv2%2Fmedia&parent=1281"}],"wp:term":[{"taxonomy":"category","embeddable":true,"href":"https:\/\/felds.de\/index.php?rest_route=%2Fwp%2Fv2%2Fcategories&post=1281"},{"taxonomy":"post_tag","embeddable":true,"href":"https:\/\/felds.de\/index.php?rest_route=%2Fwp%2Fv2%2Ftags&post=1281"}],"curies":[{"name":"wp","href":"https:\/\/api.w.org\/{rel}","templated":true}]}}