{"id":1165,"date":"2017-08-20T19:18:42","date_gmt":"2017-08-20T19:18:42","guid":{"rendered":"http:\/\/felds.de\/?p=1165"},"modified":"2017-08-24T13:44:08","modified_gmt":"2017-08-24T13:44:08","slug":"logbucheintrag-20170820","status":"publish","type":"post","link":"https:\/\/felds.de\/?p=1165","title":{"rendered":"Logbucheintrag 2017,0820"},"content":{"rendered":"<p><Strong>Mission:<\/Strong> auf neuen Wegen<br \/>\n<Strong>Etappe:<\/Strong> dem Regen trotzen<br \/>\n<Strong>Ziel:<\/Strong> And\u00f8y<\/p>\n<p>Der Morgen auf Verster\u00e5len beginnt mit einem norwegischen Kaffeeschnorrer &#8211; eigentlich war er nur auf Magnus neugierig &#8211; und ich hab die Gelegenheit mal wieder beim Schopf gepackt meine Sprachkenntnisse unter die Leute zu bringen. Ich biete ihm Kaffee an und warne ihn das der vielleicht zu stark sein k\u00f6nnte &#8211; aber als er den italienischen Kaffeekocher sieht, fingen seine Augen an zu leuchten: &#8222;bare bra Kaffe&#8220;<\/p>\n<p>Im Gegenzug luchse ich ihm ein Must-Do in Vester\u00e5len ab: Nyksund<\/p>\n<p>Doch kurz ein Wort zu Vester\u00e5len &#8211; eine Inselgruppe die direkt an die Lofoten angrenzt &#8211; um ehrlich zu sein &#8211; der bessere Geheimtipp &#8211; da noch nicht so \u00fcberlaufen, also pssst&#8230; nicht weitererz\u00e4hlen.<\/p>\n<p>Die Region bietet eine sehr abwechslungsreiche Landschaft: Schroffe Gebirgsformationen erheben sich direkt aus dem Meer, w\u00e4hrend einsame, wei\u00dfe Sandstr\u00e4nde Assoziationen mit s\u00fcdlichen L\u00e4ndern aufkommen lassen. Es gibt Fjorde, Sch\u00e4ren, Fl\u00fcsse und Seen, Moore, einsame Gebirgst\u00e4ler und kleine Hochebenen. Der h\u00f6chste Berg der Region ist mit 1.262 m der M\u00f8ysalen auf der Insel Hinn\u00f8ya.<\/p>\n<p>Allerdings werde ich heute aufgrund der Wetterlage nur eine kleine Vorschau von der ganzen Pracht erhaschen &#8211; umso mehr ein Grund nochmal wieder zukommen. <\/p>\n<p><a href=\"http:\/\/felds.de\/wp-content\/uploads\/2017\/08\/IMG_0341.jpg\"><img loading=\"lazy\" src=\"http:\/\/felds.de\/wp-content\/uploads\/2017\/08\/IMG_0341-300x201.jpg\" alt=\"\" width=\"300\" height=\"201\" class=\"alignnone size-medium wp-image-1171\" srcset=\"https:\/\/felds.de\/wp-content\/uploads\/2017\/08\/IMG_0341-300x201.jpg 300w, https:\/\/felds.de\/wp-content\/uploads\/2017\/08\/IMG_0341-768x513.jpg 768w, https:\/\/felds.de\/wp-content\/uploads\/2017\/08\/IMG_0341-1024x685.jpg 1024w, https:\/\/felds.de\/wp-content\/uploads\/2017\/08\/IMG_0341-449x300.jpg 449w\" sizes=\"(max-width: 300px) 100vw, 300px\" \/><\/a><\/p>\n<p><a href=\"http:\/\/felds.de\/wp-content\/uploads\/2017\/08\/IMG_0340.jpg\"><img loading=\"lazy\" src=\"http:\/\/felds.de\/wp-content\/uploads\/2017\/08\/IMG_0340-300x198.jpg\" alt=\"\" width=\"300\" height=\"198\" class=\"alignnone size-medium wp-image-1170\" srcset=\"https:\/\/felds.de\/wp-content\/uploads\/2017\/08\/IMG_0340-300x198.jpg 300w, https:\/\/felds.de\/wp-content\/uploads\/2017\/08\/IMG_0340-768x507.jpg 768w, https:\/\/felds.de\/wp-content\/uploads\/2017\/08\/IMG_0340-1024x675.jpg 1024w, https:\/\/felds.de\/wp-content\/uploads\/2017\/08\/IMG_0340-455x300.jpg 455w\" sizes=\"(max-width: 300px) 100vw, 300px\" \/><\/a><\/p>\n<p>Also mache ich mich nach ein bisschen Inselhopping auf den Weg nach Nyksund. Der Ort hat ganze 15 Einwohner und war urspr\u00fcnglich ein Fischerdorf, welches in der Vergangenheit des \u00d6fteren verlassen wurde als es keine ausreichende Lebensgrundlage f\u00fcr die Fischerei gab. Bekannt geworden ist Nyksund inzwischen f\u00fcr seine Reggae- und Ska-Konzerte sowie seine Gastronomie. In den letzten Jahren stieg der Anteil norwegischer Bewohner wieder.<\/p>\n<p>Die letzten 10km ist wieder Schotterpiste, w\u00e4hrend andere Bullshit-Bingo spielen, spiele ich Schlagloch-Bingo &#8211; vor mir qu\u00e4lt sich eine Frankreich-Raupe in Schlangenlinien durch die Schlaglochminen &#8211; das Gef\u00e4hrt sieht ziemlich ulkig aus. <\/p>\n<p><a href=\"http:\/\/felds.de\/wp-content\/uploads\/2017\/08\/IMG_0325.jpg\"><img loading=\"lazy\" src=\"http:\/\/felds.de\/wp-content\/uploads\/2017\/08\/IMG_0325-300x169.jpg\" alt=\"\" width=\"300\" height=\"169\" class=\"alignnone size-medium wp-image-1172\" srcset=\"https:\/\/felds.de\/wp-content\/uploads\/2017\/08\/IMG_0325-300x169.jpg 300w, https:\/\/felds.de\/wp-content\/uploads\/2017\/08\/IMG_0325-768x432.jpg 768w, https:\/\/felds.de\/wp-content\/uploads\/2017\/08\/IMG_0325-1024x576.jpg 1024w, https:\/\/felds.de\/wp-content\/uploads\/2017\/08\/IMG_0325-500x281.jpg 500w\" sizes=\"(max-width: 300px) 100vw, 300px\" \/><\/a><\/p>\n<p><a href=\"http:\/\/felds.de\/wp-content\/uploads\/2017\/08\/IMG_0326.jpg\"><img loading=\"lazy\" src=\"http:\/\/felds.de\/wp-content\/uploads\/2017\/08\/IMG_0326-300x168.jpg\" alt=\"\" width=\"300\" height=\"168\" class=\"alignnone size-medium wp-image-1173\" srcset=\"https:\/\/felds.de\/wp-content\/uploads\/2017\/08\/IMG_0326-300x168.jpg 300w, https:\/\/felds.de\/wp-content\/uploads\/2017\/08\/IMG_0326-768x429.jpg 768w, https:\/\/felds.de\/wp-content\/uploads\/2017\/08\/IMG_0326-1024x572.jpg 1024w, https:\/\/felds.de\/wp-content\/uploads\/2017\/08\/IMG_0326-500x279.jpg 500w\" sizes=\"(max-width: 300px) 100vw, 300px\" \/><\/a><\/p>\n<p>Angekommen bin ich trotzdem &#8211; erinnert mich ein wenig wie eine Geisterstadt, aber das ein oder andere Kaffee hat ge\u00f6ffnet &#8211; ich versuche Ausschau nach Walen zu halten, aber der einzig dicke Blauwal den ich zu sehen bekomme ist Magnus. <\/p>\n<p><a href=\"http:\/\/felds.de\/wp-content\/uploads\/2017\/08\/Snapseed.jpg\"><img loading=\"lazy\" src=\"http:\/\/felds.de\/wp-content\/uploads\/2017\/08\/Snapseed-300x87.jpg\" alt=\"\" width=\"300\" height=\"87\" class=\"alignnone size-medium wp-image-1222\" srcset=\"https:\/\/felds.de\/wp-content\/uploads\/2017\/08\/Snapseed-300x87.jpg 300w, https:\/\/felds.de\/wp-content\/uploads\/2017\/08\/Snapseed-768x222.jpg 768w, https:\/\/felds.de\/wp-content\/uploads\/2017\/08\/Snapseed-1024x296.jpg 1024w, https:\/\/felds.de\/wp-content\/uploads\/2017\/08\/Snapseed-1000x288.jpg 1000w, https:\/\/felds.de\/wp-content\/uploads\/2017\/08\/Snapseed-500x145.jpg 500w\" sizes=\"(max-width: 300px) 100vw, 300px\" \/><\/a><\/p>\n<p><a href=\"http:\/\/felds.de\/wp-content\/uploads\/2017\/08\/IMG_0342-1.jpg\"><img loading=\"lazy\" src=\"http:\/\/felds.de\/wp-content\/uploads\/2017\/08\/IMG_0342-1-300x200.jpg\" alt=\"\" width=\"300\" height=\"200\" class=\"alignnone size-medium wp-image-1181\" srcset=\"https:\/\/felds.de\/wp-content\/uploads\/2017\/08\/IMG_0342-1-300x200.jpg 300w, https:\/\/felds.de\/wp-content\/uploads\/2017\/08\/IMG_0342-1-768x511.jpg 768w, https:\/\/felds.de\/wp-content\/uploads\/2017\/08\/IMG_0342-1-1024x681.jpg 1024w, https:\/\/felds.de\/wp-content\/uploads\/2017\/08\/IMG_0342-1-451x300.jpg 451w\" sizes=\"(max-width: 300px) 100vw, 300px\" \/><\/a><\/p>\n<p><a href=\"http:\/\/felds.de\/wp-content\/uploads\/2017\/08\/IMG_0343-1.jpg\"><img loading=\"lazy\" src=\"http:\/\/felds.de\/wp-content\/uploads\/2017\/08\/IMG_0343-1-300x199.jpg\" alt=\"\" width=\"300\" height=\"199\" class=\"alignnone size-medium wp-image-1182\" srcset=\"https:\/\/felds.de\/wp-content\/uploads\/2017\/08\/IMG_0343-1-300x199.jpg 300w, https:\/\/felds.de\/wp-content\/uploads\/2017\/08\/IMG_0343-1-768x509.jpg 768w, https:\/\/felds.de\/wp-content\/uploads\/2017\/08\/IMG_0343-1-1024x679.jpg 1024w, https:\/\/felds.de\/wp-content\/uploads\/2017\/08\/IMG_0343-1-453x300.jpg 453w\" sizes=\"(max-width: 300px) 100vw, 300px\" \/><\/a><\/p>\n<p><a href=\"http:\/\/felds.de\/wp-content\/uploads\/2017\/08\/IMG_0339.jpg\"><img loading=\"lazy\" src=\"http:\/\/felds.de\/wp-content\/uploads\/2017\/08\/IMG_0339-226x300.jpg\" alt=\"\" width=\"226\" height=\"300\" class=\"alignnone size-medium wp-image-1177\" srcset=\"https:\/\/felds.de\/wp-content\/uploads\/2017\/08\/IMG_0339-226x300.jpg 226w, https:\/\/felds.de\/wp-content\/uploads\/2017\/08\/IMG_0339-768x1019.jpg 768w, https:\/\/felds.de\/wp-content\/uploads\/2017\/08\/IMG_0339-772x1024.jpg 772w, https:\/\/felds.de\/wp-content\/uploads\/2017\/08\/IMG_0339.jpg 1172w\" sizes=\"(max-width: 226px) 100vw, 226px\" \/><\/a><\/p>\n<p><a href=\"http:\/\/felds.de\/wp-content\/uploads\/2017\/08\/IMG_0338.jpg\"><img loading=\"lazy\" src=\"http:\/\/felds.de\/wp-content\/uploads\/2017\/08\/IMG_0338-246x300.jpg\" alt=\"\" width=\"246\" height=\"300\" class=\"alignnone size-medium wp-image-1176\" srcset=\"https:\/\/felds.de\/wp-content\/uploads\/2017\/08\/IMG_0338-246x300.jpg 246w, https:\/\/felds.de\/wp-content\/uploads\/2017\/08\/IMG_0338-768x938.jpg 768w, https:\/\/felds.de\/wp-content\/uploads\/2017\/08\/IMG_0338-839x1024.jpg 839w, https:\/\/felds.de\/wp-content\/uploads\/2017\/08\/IMG_0338.jpg 1041w\" sizes=\"(max-width: 246px) 100vw, 246px\" \/><\/a><\/p>\n<p>Da der Wind deutlich zu nimmt trete ich die Weiterreise &#8211; in Richtung Norden: Andenes &#8211; hier m\u00f6chte ich auf die F\u00e4hre nach Senja gehen &#8211; auf der Strecke beschleicht mich ein ungutes Gef\u00fchl &#8211; ob die F\u00e4hre bei dem Wetter \u00fcberhaupt f\u00e4hrt? 100km sp\u00e4ter wei\u00df ich es dann: alle weiteren F\u00e4hrfahrten sind wg. Sturm erstmal bis auf weiteres gecanceled &#8211; <\/p>\n<p><a href=\"http:\/\/felds.de\/wp-content\/uploads\/2017\/08\/IMG_0453.jpg\"><img loading=\"lazy\" src=\"http:\/\/felds.de\/wp-content\/uploads\/2017\/08\/IMG_0453-300x199.jpg\" alt=\"\" width=\"300\" height=\"199\" class=\"alignnone size-medium wp-image-1258\" srcset=\"https:\/\/felds.de\/wp-content\/uploads\/2017\/08\/IMG_0453-300x199.jpg 300w, https:\/\/felds.de\/wp-content\/uploads\/2017\/08\/IMG_0453-768x508.jpg 768w, https:\/\/felds.de\/wp-content\/uploads\/2017\/08\/IMG_0453-1024x678.jpg 1024w, https:\/\/felds.de\/wp-content\/uploads\/2017\/08\/IMG_0453-453x300.jpg 453w\" sizes=\"(max-width: 300px) 100vw, 300px\" \/><\/a><\/p>\n<p>ich halte an einem Campingplatz an der K\u00fcste und kann kaum aussteigen &#8211; alles wackelt und pfeift dicke &#8211; hier will ich nicht bleiben &#8211; also zur\u00fcck in Richtung Sortland &#8211; in der Mitte bleib ich auf einem Campingplatz &#8211; hier ist es nicht gar so windig.<\/p>\n<p><Strong>Temperatur (F\/M\/A): <\/Strong> 11 Grad und nichts geht mehr<br \/>\n<Strong>Must\/Don&#8217;t See: <\/Strong> Vester\u00e5len &#8211; noch al. kommen bei guten Wetter<br \/>\n<Strong>Tagesetappe(Start\/Ende): <\/Strong> 10:00  &#8211; 17:15 immer noch da<br \/>\n<Strong>gefahrene km: <\/Strong> +\/-  250km<br \/>\n<Strong>Lager: <\/Strong>  And\u00f8y Friluftsenter<br \/>\n<Strong>Ein Wort \/Satz in der Landessprache: <\/Strong> en kop kaffe<\/p>\n<p><strong><em>Die Sch\u00f6nheit der Dinge lebt in der Seele dessen, der Sie betrachtet<\/em><\/strong><br \/>\nDavid Hume<\/p>\n","protected":false},"excerpt":{"rendered":"<p>Mission: auf neuen Wegen Etappe: dem Regen trotzen Ziel: And\u00f8y Der Morgen auf Verster\u00e5len beginnt mit einem norwegischen Kaffeeschnorrer &#8211; eigentlich war er nur auf Magnus neugierig &#8211; und ich hab die Gelegenheit mal wieder beim Schopf gepackt meine Sprachkenntnisse &hellip; <a href=\"https:\/\/felds.de\/?p=1165\">Weiterlesen <span class=\"meta-nav\">&rarr;<\/span><\/a><\/p>\n","protected":false},"author":1,"featured_media":0,"comment_status":"open","ping_status":"closed","sticky":false,"template":"","format":"standard","meta":[],"categories":[9],"tags":[],"_links":{"self":[{"href":"https:\/\/felds.de\/index.php?rest_route=\/wp\/v2\/posts\/1165"}],"collection":[{"href":"https:\/\/felds.de\/index.php?rest_route=\/wp\/v2\/posts"}],"about":[{"href":"https:\/\/felds.de\/index.php?rest_route=\/wp\/v2\/types\/post"}],"author":[{"embeddable":true,"href":"https:\/\/felds.de\/index.php?rest_route=\/wp\/v2\/users\/1"}],"replies":[{"embeddable":true,"href":"https:\/\/felds.de\/index.php?rest_route=%2Fwp%2Fv2%2Fcomments&post=1165"}],"version-history":[{"count":8,"href":"https:\/\/felds.de\/index.php?rest_route=\/wp\/v2\/posts\/1165\/revisions"}],"predecessor-version":[{"id":1259,"href":"https:\/\/felds.de\/index.php?rest_route=\/wp\/v2\/posts\/1165\/revisions\/1259"}],"wp:attachment":[{"href":"https:\/\/felds.de\/index.php?rest_route=%2Fwp%2Fv2%2Fmedia&parent=1165"}],"wp:term":[{"taxonomy":"category","embeddable":true,"href":"https:\/\/felds.de\/index.php?rest_route=%2Fwp%2Fv2%2Fcategories&post=1165"},{"taxonomy":"post_tag","embeddable":true,"href":"https:\/\/felds.de\/index.php?rest_route=%2Fwp%2Fv2%2Ftags&post=1165"}],"curies":[{"name":"wp","href":"https:\/\/api.w.org\/{rel}","templated":true}]}}