{"id":115,"date":"2013-09-25T01:20:37","date_gmt":"2013-09-25T01:20:37","guid":{"rendered":"http:\/\/felds.de\/?p=115"},"modified":"2013-09-25T01:25:23","modified_gmt":"2013-09-25T01:25:23","slug":"logbucheintrag-20132409","status":"publish","type":"post","link":"https:\/\/felds.de\/?p=115","title":{"rendered":"Logbucheintrag 2013,0924"},"content":{"rendered":"<p><strong>Mission<\/strong>: Another Hike<br \/>\n<strong>Ziel<\/strong>: Valdez<br \/>\n<strong>Etappe<\/strong>: Mineral Creek Trail<\/p>\n<p>Heute mache ich mich zum Hiking Trail Mineral Creek auf. Noch muss ich \u00fcber den Kommentar der Trailbeschreibung schmunzeln. Der 5 Meilen lange Anfahrtsweg kann nur mit Fahrzeugen mit 4-Wheel Drive befahren werden. So schlimm kanns ja wohl nicht sein! \ud83d\ude0e<\/p>\n<p>Nach der H\u00e4lfte der Fahrzeit muss ich tats\u00e4chlich den Allrad-Antrieb einschalten &#8211; knietiefen L\u00f6chern ausweichen, Ger\u00f6lfelder passieren &#8211; mit dem Auto wohl gemerkt! und durch kleinere Bachl\u00e4ufe! Ein Gl\u00fcck das es nicht regnet, aber schon aufregend! Die Fahrt war echt sch\u00f6n und bumby &#8211; der Trail ok &#8211; 4 Meilen Wanderweg easy.<\/p>\n<p><a href=\"http:\/\/felds.de\/wp-content\/uploads\/2013\/09\/image24.jpg\"><img loading=\"lazy\" src=\"http:\/\/felds.de\/wp-content\/uploads\/2013\/09\/image24-300x221.jpg\" alt=\"Mineral Creek\" width=\"300\" height=\"221\" class=\"alignnone size-medium wp-image-116\" srcset=\"https:\/\/felds.de\/wp-content\/uploads\/2013\/09\/image24-300x221.jpg 300w, https:\/\/felds.de\/wp-content\/uploads\/2013\/09\/image24-406x300.jpg 406w, https:\/\/felds.de\/wp-content\/uploads\/2013\/09\/image24.jpg 640w\" sizes=\"(max-width: 300px) 100vw, 300px\" \/><\/a><\/p>\n<p>Nach dem ich auf meiner Reise schon Lost und Shining begegnet bin, komme ich mir heute vor als w\u00e4r ich im Jurassic Park &#8211; Nebelb\u00e4nke um die gr\u00fcnen H\u00fcgel &#8211; jetzt fehlt nur noch Big T-Rex! <\/p>\n<p>Jetzt noch ein Paar Worte zu<strong> Valdez<\/strong>. Es wird nicht umsonst die Schweiz von Alaska genannt. Ok, ok doe Schweiz liegt nicht an einer Bay, aber die Berge, Seen und die gr\u00fcnen Wiesen rungsum erinnern schon ein bisschen daran. Das einig st\u00f6rende sind die \u00d6lf\u00f6rderanlagen, riesige T\u00fcrme und ein Tanker liegen in der Bay. <\/p>\n<p><a href=\"http:\/\/felds.de\/wp-content\/uploads\/2013\/09\/image25.jpg\"><img loading=\"lazy\" src=\"http:\/\/felds.de\/wp-content\/uploads\/2013\/09\/image25-300x224.jpg\" alt=\"Valdez\" width=\"300\" height=\"224\" class=\"alignnone size-medium wp-image-117\" srcset=\"https:\/\/felds.de\/wp-content\/uploads\/2013\/09\/image25-300x224.jpg 300w, https:\/\/felds.de\/wp-content\/uploads\/2013\/09\/image25-401x300.jpg 401w, https:\/\/felds.de\/wp-content\/uploads\/2013\/09\/image25.jpg 640w\" sizes=\"(max-width: 300px) 100vw, 300px\" \/><\/a><\/p>\n<p>Mitte der 80iger lief ein \u00d6ltanker auf Grund. Die <strong>Exxon Valdez<\/strong>. Der Tanker befand sich am 24. M\u00e4rz 1989 auf dem Weg von der \u00d6l-Verladestation der Trans-Alaska-Pipeline in der Hafenstadt Valdez Richtung S\u00fcden. Trotz eines Fassungsverm\u00f6gens von 210.000 Tonnen war das Schiff zum Zeitpunkt des Ungl\u00fccks nur mit 163.000 Tonnen Roh\u00f6l beladen. Kurz nach Mitternacht lief es auf das Bligh-Riff im Prinz-William-Sund vor S\u00fcd-Alaska auf.<\/p>\n<p>Hier hat der Kapit\u00e4n versagt, angeblich betrunken &#8211; die Crew \u00fcbern\u00e4chtigt. So ist die Exxon Valdez vom Kurs abgekommen und auf ein Riff gelaufen.<\/p>\n<p>Bei dem Unfall liefen 37.000 Tonnen Roh\u00f6l aus und sch\u00e4digten das empfindliche \u00d6kosystem. \u00dcber 2000 km K\u00fcste wurden verseucht. Hunderttausende Fische, Seev\u00f6gel und andere Tiere starben als direkte Folge des Ungl\u00fccks. Langfristig vergiften sich die dort lebenden Tiere schleichend \u00fcber die Nahrungsaufnahme, da die \u00d6lreste immer noch nicht abgebaut sind.<\/p>\n<p>Heute schippert der Tanker, mehrfach umbenannt wohl irgendwo in China rum. Immerhin nur noch als Container-Transporter.<\/p>\n<p>Ach ja: Falls jemand nen amerikanischen Bus braucht, hier gibts einen zu kaufen:<\/p>\n<p><a href=\"http:\/\/felds.de\/wp-content\/uploads\/2013\/09\/image26.jpg\"><img loading=\"lazy\" src=\"http:\/\/felds.de\/wp-content\/uploads\/2013\/09\/image26-300x221.jpg\" alt=\"Bus\" width=\"300\" height=\"221\" class=\"alignnone size-medium wp-image-118\" srcset=\"https:\/\/felds.de\/wp-content\/uploads\/2013\/09\/image26-300x221.jpg 300w, https:\/\/felds.de\/wp-content\/uploads\/2013\/09\/image26-406x300.jpg 406w, https:\/\/felds.de\/wp-content\/uploads\/2013\/09\/image26.jpg 640w\" sizes=\"(max-width: 300px) 100vw, 300px\" \/><\/a><\/p>\n","protected":false},"excerpt":{"rendered":"<p>Mission: Another Hike Ziel: Valdez Etappe: Mineral Creek Trail Heute mache ich mich zum Hiking Trail Mineral Creek auf. Noch muss ich \u00fcber den Kommentar der Trailbeschreibung schmunzeln. Der 5 Meilen lange Anfahrtsweg kann nur mit Fahrzeugen mit 4-Wheel Drive &hellip; <a href=\"https:\/\/felds.de\/?p=115\">Weiterlesen <span class=\"meta-nav\">&rarr;<\/span><\/a><\/p>\n","protected":false},"author":1,"featured_media":0,"comment_status":"open","ping_status":"closed","sticky":false,"template":"","format":"standard","meta":[],"categories":[4],"tags":[],"_links":{"self":[{"href":"https:\/\/felds.de\/index.php?rest_route=\/wp\/v2\/posts\/115"}],"collection":[{"href":"https:\/\/felds.de\/index.php?rest_route=\/wp\/v2\/posts"}],"about":[{"href":"https:\/\/felds.de\/index.php?rest_route=\/wp\/v2\/types\/post"}],"author":[{"embeddable":true,"href":"https:\/\/felds.de\/index.php?rest_route=\/wp\/v2\/users\/1"}],"replies":[{"embeddable":true,"href":"https:\/\/felds.de\/index.php?rest_route=%2Fwp%2Fv2%2Fcomments&post=115"}],"version-history":[{"count":3,"href":"https:\/\/felds.de\/index.php?rest_route=\/wp\/v2\/posts\/115\/revisions"}],"predecessor-version":[{"id":122,"href":"https:\/\/felds.de\/index.php?rest_route=\/wp\/v2\/posts\/115\/revisions\/122"}],"wp:attachment":[{"href":"https:\/\/felds.de\/index.php?rest_route=%2Fwp%2Fv2%2Fmedia&parent=115"}],"wp:term":[{"taxonomy":"category","embeddable":true,"href":"https:\/\/felds.de\/index.php?rest_route=%2Fwp%2Fv2%2Fcategories&post=115"},{"taxonomy":"post_tag","embeddable":true,"href":"https:\/\/felds.de\/index.php?rest_route=%2Fwp%2Fv2%2Ftags&post=115"}],"curies":[{"name":"wp","href":"https:\/\/api.w.org\/{rel}","templated":true}]}}