{"id":1130,"date":"2017-08-18T18:00:26","date_gmt":"2017-08-18T18:00:26","guid":{"rendered":"http:\/\/felds.de\/?p=1130"},"modified":"2017-08-18T19:51:56","modified_gmt":"2017-08-18T19:51:56","slug":"logbucheintrag-20170818","status":"publish","type":"post","link":"https:\/\/felds.de\/?p=1130","title":{"rendered":"Logbucheintrag 2017,0818"},"content":{"rendered":"<p><Strong>Mission:<\/Strong> r\u00fcber \u00fcbern Teich<br \/>\n<Strong>Etappe:<\/Strong> In die falsche Richtung<br \/>\n<Strong>Ziel:<\/Strong> hier bin ich zuhause<\/p>\n<p>Wahrscheinlich liegt es an der norwegischen Luft, da ich wie extrem gut schlafe &#8211; sehr ungew\u00f6hnlich f\u00fcr mich, da ich bekanntlich an Insomnia-Manie leide &#8211; ich starte langsam in den Tag &#8211; mit Kaffee satt und gem\u00fctlicher Tr\u00f6delei &#8211; die F\u00e4hre f\u00e4hrt mir ja nicht weg, eine der stdl. fahrenden F\u00e4hren werde ich schon erwischen &#8211; au\u00dferdem erwartet mich fr\u00fch um halb 9 bereits warme Luft &#8211; es hat schon 19 Grad &#x1f31e;&#x1f31e;<\/p>\n<p>Bis Bognes sind es noch gute 45km &#8211; und die Strecke ist mir gut bekannt &#8211; hier sind wir 2016 im Winter schon mal lang gecruised, auch auf die Lofoten. Ich freue mich total die Lofoten zu sehen wenn alles gr\u00fcn ist. <\/p>\n<p><a href=\"http:\/\/felds.de\/wp-content\/uploads\/2017\/08\/image2.jpg\"><img loading=\"lazy\" src=\"http:\/\/felds.de\/wp-content\/uploads\/2017\/08\/image2-300x228.jpg\" alt=\"\" width=\"300\" height=\"228\" class=\"alignnone size-medium wp-image-1131\" srcset=\"https:\/\/felds.de\/wp-content\/uploads\/2017\/08\/image2-300x228.jpg 300w, https:\/\/felds.de\/wp-content\/uploads\/2017\/08\/image2-768x584.jpg 768w, https:\/\/felds.de\/wp-content\/uploads\/2017\/08\/image2-395x300.jpg 395w, https:\/\/felds.de\/wp-content\/uploads\/2017\/08\/image2.jpg 838w\" sizes=\"(max-width: 300px) 100vw, 300px\" \/><\/a><\/p>\n<p><a href=\"http:\/\/felds.de\/wp-content\/uploads\/2017\/08\/image3.jpg\"><img loading=\"lazy\" src=\"http:\/\/felds.de\/wp-content\/uploads\/2017\/08\/image3-300x228.jpg\" alt=\"\" width=\"300\" height=\"228\" class=\"alignnone size-medium wp-image-1132\" srcset=\"https:\/\/felds.de\/wp-content\/uploads\/2017\/08\/image3-300x228.jpg 300w, https:\/\/felds.de\/wp-content\/uploads\/2017\/08\/image3-768x584.jpg 768w, https:\/\/felds.de\/wp-content\/uploads\/2017\/08\/image3-395x300.jpg 395w, https:\/\/felds.de\/wp-content\/uploads\/2017\/08\/image3.jpg 841w\" sizes=\"(max-width: 300px) 100vw, 300px\" \/><\/a><\/p>\n<p>Um 11:45 Uhr fahre ich auf die F\u00e4hre in Richtung L\u00f8dingen &#8211; und hier gibts auch das traditionelle Sm\u00f8rbr\u00f8d med reker&#8230; yummie for my tummie &#8211; <\/p>\n<p><a href=\"http:\/\/felds.de\/wp-content\/uploads\/2017\/08\/IMG_2554.jpg\"><img loading=\"lazy\" src=\"http:\/\/felds.de\/wp-content\/uploads\/2017\/08\/IMG_2554-300x225.jpg\" alt=\"\" width=\"300\" height=\"225\" class=\"alignnone size-medium wp-image-1137\" srcset=\"https:\/\/felds.de\/wp-content\/uploads\/2017\/08\/IMG_2554-300x225.jpg 300w, https:\/\/felds.de\/wp-content\/uploads\/2017\/08\/IMG_2554-768x576.jpg 768w, https:\/\/felds.de\/wp-content\/uploads\/2017\/08\/IMG_2554-1024x768.jpg 1024w, https:\/\/felds.de\/wp-content\/uploads\/2017\/08\/IMG_2554-400x300.jpg 400w, https:\/\/felds.de\/wp-content\/uploads\/2017\/08\/IMG_2554.jpg 1632w\" sizes=\"(max-width: 300px) 100vw, 300px\" \/><\/a><\/p>\n<p>die F\u00e4hrfahrt dauert ca. 1Std. und ein Weilchen d\u00fcse ich noch \u00fcber die E10 &#8211; bis ich am sp\u00e4ten Nachmittag in der N\u00e4he von Leknes ankomme.<\/p>\n<p><a href=\"http:\/\/felds.de\/wp-content\/uploads\/2017\/08\/image1-2.jpg\"><img loading=\"lazy\" src=\"http:\/\/felds.de\/wp-content\/uploads\/2017\/08\/image1-2-300x226.jpg\" alt=\"\" width=\"300\" height=\"226\" class=\"alignnone size-medium wp-image-1133\" srcset=\"https:\/\/felds.de\/wp-content\/uploads\/2017\/08\/image1-2-300x226.jpg 300w, https:\/\/felds.de\/wp-content\/uploads\/2017\/08\/image1-2-768x580.jpg 768w, https:\/\/felds.de\/wp-content\/uploads\/2017\/08\/image1-2-398x300.jpg 398w, https:\/\/felds.de\/wp-content\/uploads\/2017\/08\/image1-2.jpg 848w\" sizes=\"(max-width: 300px) 100vw, 300px\" \/><\/a><\/p>\n<p>Ach ja &#8211; die rote Briknes Kirche kann man sehr gerne auch auslassen &#8211; aber wenn ich schon mal da bin: <\/p>\n<p><a href=\"http:\/\/felds.de\/wp-content\/uploads\/2017\/08\/IMG_0321.jpg\"><img loading=\"lazy\" src=\"http:\/\/felds.de\/wp-content\/uploads\/2017\/08\/IMG_0321-300x199.jpg\" alt=\"\" width=\"300\" height=\"199\" class=\"alignnone size-medium wp-image-1140\" srcset=\"https:\/\/felds.de\/wp-content\/uploads\/2017\/08\/IMG_0321-300x199.jpg 300w, https:\/\/felds.de\/wp-content\/uploads\/2017\/08\/IMG_0321-768x509.jpg 768w, https:\/\/felds.de\/wp-content\/uploads\/2017\/08\/IMG_0321-1024x678.jpg 1024w, https:\/\/felds.de\/wp-content\/uploads\/2017\/08\/IMG_0321-453x300.jpg 453w\" sizes=\"(max-width: 300px) 100vw, 300px\" \/><\/a><\/p>\n<p><Strong>Temperatur (F\/M\/A): <\/Strong> 19\/15\/17<br \/>\n<Strong>Must\/Don&#8217;t See: <\/Strong> Briknes Kirche kann man getrost auslassen<br \/>\n<Strong>Tagesetappe(Start\/Ende): <\/Strong> 10:20  &#8211; 17:45 45 bei Leknes<br \/>\n<Strong>gefahrene km: <\/Strong> +\/-  250km<br \/>\n<Strong>Lager: <\/Strong>  Brustranda Camping<br \/>\n<Strong>Ein Wort \/Satz in der Landessprache: <\/Strong> Sm\u00f8rbr\u00f8d med reker<\/p>\n<p><a href=\"http:\/\/felds.de\/wp-content\/uploads\/2017\/08\/image4.jpg\"><img loading=\"lazy\" src=\"http:\/\/felds.de\/wp-content\/uploads\/2017\/08\/image4-300x225.jpg\" alt=\"\" width=\"300\" height=\"225\" class=\"alignnone size-medium wp-image-1134\" srcset=\"https:\/\/felds.de\/wp-content\/uploads\/2017\/08\/image4-300x225.jpg 300w, https:\/\/felds.de\/wp-content\/uploads\/2017\/08\/image4-768x576.jpg 768w, https:\/\/felds.de\/wp-content\/uploads\/2017\/08\/image4-1024x768.jpg 1024w, https:\/\/felds.de\/wp-content\/uploads\/2017\/08\/image4-400x300.jpg 400w, https:\/\/felds.de\/wp-content\/uploads\/2017\/08\/image4.jpg 1632w\" sizes=\"(max-width: 300px) 100vw, 300px\" \/><\/a><\/p>\n<p>Fotos von den Lofoten gibt es erst morgen da ich auf Sonne satt hoffe &#8211; mal kucken&#8230;<\/p>\n<p><em><strong>Ein Leben ohne Freuden ist wie eine weite Reise ohne Gasthaus<\/strong><\/em><br \/>\nDemokrit<\/p>\n<p>PS: meine lieben Landsleute: ich bin SICHER: F\u00dc ist nicht F\u00fcssen, seid gewiss: ich wohne nicht in F\u00fcssen, wenn es einer wissen muss, dann eine oder einer der\/die da wohnt, gelle &#x1f60a;<\/p>\n","protected":false},"excerpt":{"rendered":"<p>Mission: r\u00fcber \u00fcbern Teich Etappe: In die falsche Richtung Ziel: hier bin ich zuhause Wahrscheinlich liegt es an der norwegischen Luft, da ich wie extrem gut schlafe &#8211; sehr ungew\u00f6hnlich f\u00fcr mich, da ich bekanntlich an Insomnia-Manie leide &#8211; ich &hellip; <a href=\"https:\/\/felds.de\/?p=1130\">Weiterlesen <span class=\"meta-nav\">&rarr;<\/span><\/a><\/p>\n","protected":false},"author":1,"featured_media":0,"comment_status":"open","ping_status":"closed","sticky":false,"template":"","format":"standard","meta":[],"categories":[9],"tags":[],"_links":{"self":[{"href":"https:\/\/felds.de\/index.php?rest_route=\/wp\/v2\/posts\/1130"}],"collection":[{"href":"https:\/\/felds.de\/index.php?rest_route=\/wp\/v2\/posts"}],"about":[{"href":"https:\/\/felds.de\/index.php?rest_route=\/wp\/v2\/types\/post"}],"author":[{"embeddable":true,"href":"https:\/\/felds.de\/index.php?rest_route=\/wp\/v2\/users\/1"}],"replies":[{"embeddable":true,"href":"https:\/\/felds.de\/index.php?rest_route=%2Fwp%2Fv2%2Fcomments&post=1130"}],"version-history":[{"count":9,"href":"https:\/\/felds.de\/index.php?rest_route=\/wp\/v2\/posts\/1130\/revisions"}],"predecessor-version":[{"id":1145,"href":"https:\/\/felds.de\/index.php?rest_route=\/wp\/v2\/posts\/1130\/revisions\/1145"}],"wp:attachment":[{"href":"https:\/\/felds.de\/index.php?rest_route=%2Fwp%2Fv2%2Fmedia&parent=1130"}],"wp:term":[{"taxonomy":"category","embeddable":true,"href":"https:\/\/felds.de\/index.php?rest_route=%2Fwp%2Fv2%2Fcategories&post=1130"},{"taxonomy":"post_tag","embeddable":true,"href":"https:\/\/felds.de\/index.php?rest_route=%2Fwp%2Fv2%2Ftags&post=1130"}],"curies":[{"name":"wp","href":"https:\/\/api.w.org\/{rel}","templated":true}]}}