{"id":1102,"date":"2017-08-16T18:19:10","date_gmt":"2017-08-16T18:19:10","guid":{"rendered":"http:\/\/felds.de\/?p=1102"},"modified":"2017-08-16T19:10:49","modified_gmt":"2017-08-16T19:10:49","slug":"logbucheintrag-20170816","status":"publish","type":"post","link":"https:\/\/felds.de\/?p=1102","title":{"rendered":"Logbucheintrag 2017,0816"},"content":{"rendered":"<p><Strong>Mission:<\/Strong> km machen dem Weg<br \/>\n<Strong>Etappe:<\/Strong> Atlantershaven<br \/>\n<Strong>Ziel:<\/Strong> irgendwo hinter Trondheim<\/p>\n<p>Heute mache ich einen kleinen Umweg \u00fcber die Atlantikroute &#8211; da sonst nicht viel auf dem Programm steht, au\u00dfer km machen. Die K\u00fcstenstrasse isr wirklich ein sch\u00f6ne Fahrt und wer w\u00fcrde hier nicht folgen:<\/p>\n<p><a href=\"http:\/\/felds.de\/wp-content\/uploads\/2017\/08\/IMG_2489.jpg\"><img loading=\"lazy\" src=\"http:\/\/felds.de\/wp-content\/uploads\/2017\/08\/IMG_2489-300x225.jpg\" alt=\"\" width=\"300\" height=\"225\" class=\"alignnone size-medium wp-image-1103\" srcset=\"https:\/\/felds.de\/wp-content\/uploads\/2017\/08\/IMG_2489-300x225.jpg 300w, https:\/\/felds.de\/wp-content\/uploads\/2017\/08\/IMG_2489-768x576.jpg 768w, https:\/\/felds.de\/wp-content\/uploads\/2017\/08\/IMG_2489-1024x768.jpg 1024w, https:\/\/felds.de\/wp-content\/uploads\/2017\/08\/IMG_2489-400x300.jpg 400w, https:\/\/felds.de\/wp-content\/uploads\/2017\/08\/IMG_2489.jpg 1632w\" sizes=\"(max-width: 300px) 100vw, 300px\" \/><\/a><\/p>\n<p><a href=\"http:\/\/felds.de\/wp-content\/uploads\/2017\/08\/IMG_0287.jpg\"><img loading=\"lazy\" src=\"http:\/\/felds.de\/wp-content\/uploads\/2017\/08\/IMG_0287-226x300.jpg\" alt=\"\" width=\"226\" height=\"300\" class=\"alignnone size-medium wp-image-1104\" srcset=\"https:\/\/felds.de\/wp-content\/uploads\/2017\/08\/IMG_0287-226x300.jpg 226w, https:\/\/felds.de\/wp-content\/uploads\/2017\/08\/IMG_0287-768x1021.jpg 768w, https:\/\/felds.de\/wp-content\/uploads\/2017\/08\/IMG_0287-770x1024.jpg 770w, https:\/\/felds.de\/wp-content\/uploads\/2017\/08\/IMG_0287.jpg 1249w\" sizes=\"(max-width: 226px) 100vw, 226px\" \/><\/a><\/p>\n<p>Ansonsten geht meine Reise \u00fcber Kristiansund weiter in n\u00f6rdliche Richtung, Richtung Trondheim \u00fcber die E6 und noch 200km n\u00f6rdlich. Das Wetter ist wirklich gut &#8211; es scheint fast als w\u00fcrde die Sonne extra f\u00fcr mich den Regen beiseite dr\u00e4ngeln &#x1f31e;<\/p>\n<p><a href=\"http:\/\/felds.de\/wp-content\/uploads\/2017\/08\/IMG_0288.png\"><img loading=\"lazy\" src=\"http:\/\/felds.de\/wp-content\/uploads\/2017\/08\/IMG_0288-300x225.png\" alt=\"\" width=\"300\" height=\"225\" class=\"alignnone size-medium wp-image-1105\" srcset=\"https:\/\/felds.de\/wp-content\/uploads\/2017\/08\/IMG_0288-300x225.png 300w, https:\/\/felds.de\/wp-content\/uploads\/2017\/08\/IMG_0288-768x576.png 768w, https:\/\/felds.de\/wp-content\/uploads\/2017\/08\/IMG_0288-1024x768.png 1024w, https:\/\/felds.de\/wp-content\/uploads\/2017\/08\/IMG_0288-400x300.png 400w\" sizes=\"(max-width: 300px) 100vw, 300px\" \/><\/a><\/p>\n<p>Ich sehe zum ersten Mal Polizei die mit Radarpistolen die Geschwindigkeit messen &#8211; ein Danke an die Norweger die Lichtzeichen geben und dem Navi sei ebenfalls f\u00fcr die Info \u00fcber ein Blitzmessger\u00e4t welches \u00fcber 10km die Durchschnittgeschwindigkeit misst, gedankt &#8211; die Kolonne hinter mir wird mich verfluchen, aber ich gehe auf Nummer sicher &#8211; keine Lust ne Horrende Strafe zu riskieren. <\/p>\n<p>Bei dem wenigen Verkehr ist es wirklich verdammt schwierig dauernde 80\/90km\/h zu fahren &#8211; au\u00dferdem muss man ja ein wenig vorw\u00e4rts kommen.<\/p>\n<p>Am Ende des Tages bin ich knapp 350km vor dem Polarkreis der morgen unbedingt zu schaffen sein muss. Aber ich bin guter Dinge.<\/p>\n<p>Es klingt ein zwar merkw\u00fcrdig aber ich bilde mir ein je weiter man n\u00f6rdlich kommt umso deutlicher \u00e4ndert sich die Vegetation &#8211; Laubw\u00e4lder, B\u00fcsche und Str\u00e4ucher weichen mehr und mehr Nadelw\u00e4ldern und Gr\u00e4ser &#8211; au\u00dfer der goldgelbe Weizen, f\u00fcgt sich noch nicht in mein Nord-Norwegen-Bild ein. <\/p>\n<p><a href=\"http:\/\/felds.de\/wp-content\/uploads\/2017\/08\/IMG_0289.png\"><img loading=\"lazy\" src=\"http:\/\/felds.de\/wp-content\/uploads\/2017\/08\/IMG_0289-300x225.png\" alt=\"\" width=\"300\" height=\"225\" class=\"alignnone size-medium wp-image-1106\" srcset=\"https:\/\/felds.de\/wp-content\/uploads\/2017\/08\/IMG_0289-300x225.png 300w, https:\/\/felds.de\/wp-content\/uploads\/2017\/08\/IMG_0289-768x576.png 768w, https:\/\/felds.de\/wp-content\/uploads\/2017\/08\/IMG_0289-1024x768.png 1024w, https:\/\/felds.de\/wp-content\/uploads\/2017\/08\/IMG_0289-400x300.png 400w\" sizes=\"(max-width: 300px) 100vw, 300px\" \/><\/a><\/p>\n<p><Strong>Temperatur (F\/M\/A): <\/Strong> 14\/21\/17<br \/>\n<Strong>Must\/Don&#8217;t See: <\/Strong> Atlantershavsveien<br \/>\n<Strong>Tagesetappe(Start\/Ende): <\/Strong> 08:30 Malmefjorden- 18:45  Grong<br \/>\n<Strong>gefahrene km: <\/Strong> +\/-  500km<br \/>\n<Strong>Lager: <\/Strong>  Langnes Camping Grong &#8211; sehr idyllisch weit ab von der E6<br \/>\n<Strong>Ein Wort \/Satz in der Landessprache: <\/Strong> Jeg snakker bare lit norsk<\/p>\n<p>Ah ja, eh ich es vergesse &#8211; endlich mal ein Campingplatz mit geraden Fl\u00e4chen @Henny: wir brauchen unbedingt so Drauffahrdingens, wo man den Magnus geradedingsen kann denn sonst kann das Wasser nicht richtig abdingsen &#x1f61c;<\/p>\n<p>Soderla Prost an alle Leser&#8230;<\/p>\n<p><a href=\"http:\/\/felds.de\/wp-content\/uploads\/2017\/08\/IMG_0292.png\"><img loading=\"lazy\" src=\"http:\/\/felds.de\/wp-content\/uploads\/2017\/08\/IMG_0292-300x225.png\" alt=\"\" width=\"300\" height=\"225\" class=\"alignnone size-medium wp-image-1109\" srcset=\"https:\/\/felds.de\/wp-content\/uploads\/2017\/08\/IMG_0292-300x225.png 300w, https:\/\/felds.de\/wp-content\/uploads\/2017\/08\/IMG_0292-768x576.png 768w, https:\/\/felds.de\/wp-content\/uploads\/2017\/08\/IMG_0292-1024x768.png 1024w, https:\/\/felds.de\/wp-content\/uploads\/2017\/08\/IMG_0292-400x300.png 400w\" sizes=\"(max-width: 300px) 100vw, 300px\" \/><\/a><\/p>\n<p><em><strong>Freude ist die einfachste Form der Dankbarkeit<\/strong><\/em><br \/>\nKarl Barth<\/p>\n","protected":false},"excerpt":{"rendered":"<p>Mission: km machen dem Weg Etappe: Atlantershaven Ziel: irgendwo hinter Trondheim Heute mache ich einen kleinen Umweg \u00fcber die Atlantikroute &#8211; da sonst nicht viel auf dem Programm steht, au\u00dfer km machen. Die K\u00fcstenstrasse isr wirklich ein sch\u00f6ne Fahrt und &hellip; <a href=\"https:\/\/felds.de\/?p=1102\">Weiterlesen <span class=\"meta-nav\">&rarr;<\/span><\/a><\/p>\n","protected":false},"author":1,"featured_media":0,"comment_status":"open","ping_status":"closed","sticky":false,"template":"","format":"standard","meta":[],"categories":[9],"tags":[],"_links":{"self":[{"href":"https:\/\/felds.de\/index.php?rest_route=\/wp\/v2\/posts\/1102"}],"collection":[{"href":"https:\/\/felds.de\/index.php?rest_route=\/wp\/v2\/posts"}],"about":[{"href":"https:\/\/felds.de\/index.php?rest_route=\/wp\/v2\/types\/post"}],"author":[{"embeddable":true,"href":"https:\/\/felds.de\/index.php?rest_route=\/wp\/v2\/users\/1"}],"replies":[{"embeddable":true,"href":"https:\/\/felds.de\/index.php?rest_route=%2Fwp%2Fv2%2Fcomments&post=1102"}],"version-history":[{"count":5,"href":"https:\/\/felds.de\/index.php?rest_route=\/wp\/v2\/posts\/1102\/revisions"}],"predecessor-version":[{"id":1112,"href":"https:\/\/felds.de\/index.php?rest_route=\/wp\/v2\/posts\/1102\/revisions\/1112"}],"wp:attachment":[{"href":"https:\/\/felds.de\/index.php?rest_route=%2Fwp%2Fv2%2Fmedia&parent=1102"}],"wp:term":[{"taxonomy":"category","embeddable":true,"href":"https:\/\/felds.de\/index.php?rest_route=%2Fwp%2Fv2%2Fcategories&post=1102"},{"taxonomy":"post_tag","embeddable":true,"href":"https:\/\/felds.de\/index.php?rest_route=%2Fwp%2Fv2%2Ftags&post=1102"}],"curies":[{"name":"wp","href":"https:\/\/api.w.org\/{rel}","templated":true}]}}