{"id":1080,"date":"2017-08-14T18:58:57","date_gmt":"2017-08-14T18:58:57","guid":{"rendered":"http:\/\/felds.de\/?p=1080"},"modified":"2017-08-15T17:59:43","modified_gmt":"2017-08-15T17:59:43","slug":"logbucheintrag-20170814","status":"publish","type":"post","link":"https:\/\/felds.de\/?p=1080","title":{"rendered":"Logbucheintrag 2017,0814"},"content":{"rendered":"<p><Strong>Mission:<\/Strong> Nix wie runter&#8230;<br \/>\n<Strong>Etappe:<\/Strong> Stammstrecke<br \/>\n<Strong>Ziel:<\/Strong> Oppdal<\/p>\n<p>Das kann doch jetzt nicht euer Ernst sein? Die Sonne scheint und ich will einfach nur raus aus Oslo &#8211; aber ein wenig Geduld muss ich noch haben: der liebe Zoll zieht mich raus &#8211; da ist er dahin, der Vorsprung den ich mir erhofft hatte &#8211; denn wer zuletzt auf den D\u00e4mpfer d\u00fcst, der darf ihn auch zuerst wieder verlassen &#8211; allerdings komme ich nicht weit, &#8222;Ei flaske vin&#8220; (eine Flasche Wein) hat es in sich. Ich rei\u00dfe bereitwillig alle T\u00fcren auf und stelle mich ein wenig dumm an beim L\u00f6sen der Spanngurte &#8211; versichere mit erster Mine ich vertrage Alkohol nicht so gut und au\u00dferdem bin ich auch nicht das Versorgungsfahrzeug der Motorradtruppe die Henryk durch Norwegen f\u00fchrt &#8211; und ja: Ich (Frau) f\u00e4hrt alleine 2.500 km ans Nordkap &#8211; lieber Z\u00f6lli du kannst die Kinnluke wieder einklappen. Naja 20 Min sp\u00e4ter hat er wohl keine Lust mehr sich die Route von mir und Magnus anzuh\u00f6ren und er l\u00e4sst mich ziehen.<\/p>\n<p>Mit pochendem Herzchen fahre ich auch gleich los &#8211; nicht da\u00df er es sich doch noch anders \u00fcberlegt.<\/p>\n<p>Die Route f\u00fchrt mich auf meine fast schon &#8222;Stammstrecke&#8220; &#8211; E6 n\u00f6rdliche Richtung mit Zwischenziel Stavkirke Ringebu &#8211; immer wieder sch\u00f6n anzusehen. <\/p>\n<p><a href=\"http:\/\/felds.de\/wp-content\/uploads\/2017\/08\/IMG_0264.png\"><img loading=\"lazy\" src=\"http:\/\/felds.de\/wp-content\/uploads\/2017\/08\/IMG_0264-300x225.png\" alt=\"\" width=\"300\" height=\"225\" class=\"alignnone size-medium wp-image-1082\" srcset=\"https:\/\/felds.de\/wp-content\/uploads\/2017\/08\/IMG_0264-300x225.png 300w, https:\/\/felds.de\/wp-content\/uploads\/2017\/08\/IMG_0264-768x576.png 768w, https:\/\/felds.de\/wp-content\/uploads\/2017\/08\/IMG_0264-1024x768.png 1024w, https:\/\/felds.de\/wp-content\/uploads\/2017\/08\/IMG_0264-400x300.png 400w\" sizes=\"(max-width: 300px) 100vw, 300px\" \/><\/a><\/p>\n<p>Und dann auf die 27 &#8211; Richtung Rondane Nationalpark &#8211; gleich hinter der Haarnadelkurve am wei\u00dfen Haus vorbei &#x1f60d;<\/p>\n<p>Rondane ist eine gut erhaltene Kulturlandschaft, die die Geschichte der Ansiedlung von Menschen in kargen Gebieten seit der Steinzeit erz\u00e4hlt. Rondane wurde 1962 als erster Nationalpark Norwegens eingerichtet. <\/p>\n<p><a href=\"http:\/\/felds.de\/wp-content\/uploads\/2017\/08\/IMG_0253.jpg\"><img loading=\"lazy\" src=\"http:\/\/felds.de\/wp-content\/uploads\/2017\/08\/IMG_0253-300x198.jpg\" alt=\"\" width=\"300\" height=\"198\" class=\"alignnone size-medium wp-image-1085\" srcset=\"https:\/\/felds.de\/wp-content\/uploads\/2017\/08\/IMG_0253-300x198.jpg 300w, https:\/\/felds.de\/wp-content\/uploads\/2017\/08\/IMG_0253-768x506.jpg 768w, https:\/\/felds.de\/wp-content\/uploads\/2017\/08\/IMG_0253-1024x675.jpg 1024w, https:\/\/felds.de\/wp-content\/uploads\/2017\/08\/IMG_0253-455x300.jpg 455w\" sizes=\"(max-width: 300px) 100vw, 300px\" \/><\/a><\/p>\n<p><a href=\"http:\/\/felds.de\/wp-content\/uploads\/2017\/08\/IMG_0263.jpg\"><img loading=\"lazy\" src=\"http:\/\/felds.de\/wp-content\/uploads\/2017\/08\/IMG_0263-300x103.jpg\" alt=\"\" width=\"300\" height=\"103\" class=\"alignnone size-medium wp-image-1083\" srcset=\"https:\/\/felds.de\/wp-content\/uploads\/2017\/08\/IMG_0263-300x103.jpg 300w, https:\/\/felds.de\/wp-content\/uploads\/2017\/08\/IMG_0263-768x263.jpg 768w, https:\/\/felds.de\/wp-content\/uploads\/2017\/08\/IMG_0263-1024x351.jpg 1024w, https:\/\/felds.de\/wp-content\/uploads\/2017\/08\/IMG_0263-500x172.jpg 500w\" sizes=\"(max-width: 300px) 100vw, 300px\" \/><\/a><\/p>\n<p>Die Route ist immer wieder ein Abenteuer &#8211; zuletzt 2015 im Juni mit schneebedeckten Spitzen der 2000er &#8211; kommt mir die Landschaft heute weit weniger Rauch vor &#8211; die Route ist eine meiner Lieblingsrouten. Heute mache ich auch noch einen kleinen Abstecher zur Sollia Kirke &#8211; klein und beschaulich von Birken eingerahmt. <\/p>\n<p><a href=\"http:\/\/felds.de\/wp-content\/uploads\/2017\/08\/IMG_0276.jpg\"><img loading=\"lazy\" src=\"http:\/\/felds.de\/wp-content\/uploads\/2017\/08\/IMG_0276-300x198.jpg\" alt=\"\" width=\"300\" height=\"198\" class=\"alignnone size-medium wp-image-1100\" srcset=\"https:\/\/felds.de\/wp-content\/uploads\/2017\/08\/IMG_0276-300x198.jpg 300w, https:\/\/felds.de\/wp-content\/uploads\/2017\/08\/IMG_0276-768x508.jpg 768w, https:\/\/felds.de\/wp-content\/uploads\/2017\/08\/IMG_0276-1024x677.jpg 1024w, https:\/\/felds.de\/wp-content\/uploads\/2017\/08\/IMG_0276-454x300.jpg 454w\" sizes=\"(max-width: 300px) 100vw, 300px\" \/><\/a><\/p>\n<p>Mein Weg f\u00fchrt mich zur\u00fcck auf die E6 und ich schlage kurz vor Oppdal mein Lager auf.<\/p>\n<p><Strong>Temperatur (F\/M\/A): <\/Strong> 17\/15\/17<br \/>\n<Strong>Must\/Don&#8217;t See: <\/Strong> Stammstrecke<br \/>\n<Strong>Tagesetappe(Start\/Ende): <\/Strong> 10:00 Oslo &#8211; 18:15 Uhr kurz vor Oppdal<br \/>\n<Strong>gefahrene km: <\/Strong> +\/-  410km<br \/>\n<Strong>Lager: <\/Strong>  Magalaupe Camping<br \/>\n<Strong>Ein Wort \/Satz in der Landessprache: <\/Strong> Ei flaske vin<\/p>\n<p>Der Platz liegt idyllisch am Fluss Driva &#8211; dessen Rauschen mich hoffentlich sanft in den Schlaf wiegt &#8211; aber vorher lasse ich Magnus noch auf Hochtouren laufen &#8211; alles was geht wird ausgepackt und die Weltbeste Tomatensuppe aus der Dose aufgekocht &#8211; yummie for my tummle<\/p>\n<p><a href=\"http:\/\/felds.de\/wp-content\/uploads\/2017\/08\/IMG_2477.jpg\"><img loading=\"lazy\" src=\"http:\/\/felds.de\/wp-content\/uploads\/2017\/08\/IMG_2477-300x225.jpg\" alt=\"\" width=\"300\" height=\"225\" class=\"alignnone size-medium wp-image-1087\" srcset=\"https:\/\/felds.de\/wp-content\/uploads\/2017\/08\/IMG_2477-300x225.jpg 300w, https:\/\/felds.de\/wp-content\/uploads\/2017\/08\/IMG_2477-768x576.jpg 768w, https:\/\/felds.de\/wp-content\/uploads\/2017\/08\/IMG_2477-1024x768.jpg 1024w, https:\/\/felds.de\/wp-content\/uploads\/2017\/08\/IMG_2477-400x300.jpg 400w, https:\/\/felds.de\/wp-content\/uploads\/2017\/08\/IMG_2477.jpg 1632w\" sizes=\"(max-width: 300px) 100vw, 300px\" \/><\/a><\/p>\n<p><strong><em>Mut steht am Anfang des Handelns, Gl\u00fcck am Ende<\/em><\/strong><br \/>\nDemokrit<\/p>\n","protected":false},"excerpt":{"rendered":"<p>Mission: Nix wie runter&#8230; Etappe: Stammstrecke Ziel: Oppdal Das kann doch jetzt nicht euer Ernst sein? Die Sonne scheint und ich will einfach nur raus aus Oslo &#8211; aber ein wenig Geduld muss ich noch haben: der liebe Zoll zieht &hellip; <a href=\"https:\/\/felds.de\/?p=1080\">Weiterlesen <span class=\"meta-nav\">&rarr;<\/span><\/a><\/p>\n","protected":false},"author":1,"featured_media":0,"comment_status":"open","ping_status":"closed","sticky":false,"template":"","format":"standard","meta":[],"categories":[9],"tags":[],"_links":{"self":[{"href":"https:\/\/felds.de\/index.php?rest_route=\/wp\/v2\/posts\/1080"}],"collection":[{"href":"https:\/\/felds.de\/index.php?rest_route=\/wp\/v2\/posts"}],"about":[{"href":"https:\/\/felds.de\/index.php?rest_route=\/wp\/v2\/types\/post"}],"author":[{"embeddable":true,"href":"https:\/\/felds.de\/index.php?rest_route=\/wp\/v2\/users\/1"}],"replies":[{"embeddable":true,"href":"https:\/\/felds.de\/index.php?rest_route=%2Fwp%2Fv2%2Fcomments&post=1080"}],"version-history":[{"count":6,"href":"https:\/\/felds.de\/index.php?rest_route=\/wp\/v2\/posts\/1080\/revisions"}],"predecessor-version":[{"id":1101,"href":"https:\/\/felds.de\/index.php?rest_route=\/wp\/v2\/posts\/1080\/revisions\/1101"}],"wp:attachment":[{"href":"https:\/\/felds.de\/index.php?rest_route=%2Fwp%2Fv2%2Fmedia&parent=1080"}],"wp:term":[{"taxonomy":"category","embeddable":true,"href":"https:\/\/felds.de\/index.php?rest_route=%2Fwp%2Fv2%2Fcategories&post=1080"},{"taxonomy":"post_tag","embeddable":true,"href":"https:\/\/felds.de\/index.php?rest_route=%2Fwp%2Fv2%2Ftags&post=1080"}],"curies":[{"name":"wp","href":"https:\/\/api.w.org\/{rel}","templated":true}]}}