{"id":1072,"date":"2017-08-14T16:39:27","date_gmt":"2017-08-14T16:39:27","guid":{"rendered":"http:\/\/felds.de\/?p=1072"},"modified":"2017-08-14T16:47:04","modified_gmt":"2017-08-14T16:47:04","slug":"logbucheintrag-20170813","status":"publish","type":"post","link":"https:\/\/felds.de\/?p=1072","title":{"rendered":"Logbucheintrag 2017,0813"},"content":{"rendered":"<p><Strong>Mission:<\/Strong> Norwegenkai entern<br \/>\n<Strong>Etappe:<\/Strong> ein Tag auf See<br \/>\n<Strong>Ziel:<\/Strong> Oslo<\/p>\n<p>Color Line ist eine norwegische Reederei welche uns schon des \u00d6fteren durch die Nordsee bef\u00f6rdert hat. Im Jahr 2016 bef\u00f6rderte Color Line mit sechs F\u00e4hrschiffen auf vier Routen 3,85 Millionen Passagiere, davon 1,1 Mio. auf der Route Kiel\u2013Oslo. Insgesamt wurden 913.676\u00a0Pkw und 175.680\u00a0Lkw bef\u00f6rdert.<\/p>\n<p><Strong>Temperatur (F\/M\/A): <\/Strong> 14\/20\/15<br \/>\n<Strong>Must\/Don&#8217;t See: <\/Strong> Wasser &#x1f4a6; jede Menge &#x1f4a6; Wasser<br \/>\n<Strong>Tagesetappe(Start\/Ende): <\/Strong> 14:00 Kiel &#8211; 10:00 Uhr Kiel &#8211; Oslo<br \/>\n<Strong>gefahrene km: <\/Strong> +\/-  1000km<br \/>\n<Strong>Lager: <\/Strong>  Kabine 10-635<br \/>\n<Strong>Ein Wort \/Satz in der Landessprache: <\/Strong> s\u00e5 fint<\/p>\n<p>Diesmal bef\u00f6rdere ich ein 4-Rad in den Schlund der Color Fantasy &#8211; geduldig reihe ich mich bei den gro\u00dfen Wohnmobilen ein, geduldig deswegen weil die Motorrad-Gang mit Henryk an der Spitze an mir vorbei zischt &#x1f4ab; w\u00e4hrend wir bis ganz zum Schluss warten m\u00fcssen, eh sich die Karawane der blechernen Lastentr\u00e4ger behende in Gang setzt &#8211; Magnus und ich entern Deck 3, inzwischen weis ich auch wieder auf welchem Deck ich Magnus abgestellt habe &#x1f602;, aber das ist eine andere Geschichte&#8230;<\/p>\n<p><a href=\"http:\/\/felds.de\/wp-content\/uploads\/2017\/08\/IMG_2452.jpg\"><img loading=\"lazy\" src=\"http:\/\/felds.de\/wp-content\/uploads\/2017\/08\/IMG_2452-300x225.jpg\" alt=\"\" width=\"300\" height=\"225\" class=\"alignnone size-medium wp-image-1078\" srcset=\"https:\/\/felds.de\/wp-content\/uploads\/2017\/08\/IMG_2452-300x225.jpg 300w, https:\/\/felds.de\/wp-content\/uploads\/2017\/08\/IMG_2452-768x576.jpg 768w, https:\/\/felds.de\/wp-content\/uploads\/2017\/08\/IMG_2452-1024x768.jpg 1024w, https:\/\/felds.de\/wp-content\/uploads\/2017\/08\/IMG_2452-400x300.jpg 400w, https:\/\/felds.de\/wp-content\/uploads\/2017\/08\/IMG_2452.jpg 1632w\" sizes=\"(max-width: 300px) 100vw, 300px\" \/><\/a><\/p>\n<p>P\u00fcnktlich um 14:00 legen wir ab und mich \u00fcberkommt ein freudiges Gef\u00fchl, ein Gef\u00fchl das schier aus mir herausbricht: <Strong>Ich fahre heim<\/Strong> &#8211; und mit heim meine ich nicht das ich am liebsten von der F\u00e4hre springen w\u00fcrde um in Kiel an Land zu schwimmen. Nicht umsonst sagt man: <Strong>Home is where the Heart is&#8230; <\/Strong> <\/p>\n<p>Ansonsten verbringen wir den Tag\/Abend mit dem \u00fcblichen Programm einer F\u00e4hre die einem Kreuzfahrtschiff gleicht: Essen, Bummeln, sich die Haare vom Wind zerzausen lassen, Tanker beobachten, unter der Br\u00fccke D\u00e4nemark\/Schweden durch schippern Immer wieder sch\u00f6n) usw. usw. &#x1f4a4;&#x1f4a4;<\/p>\n<p><a href=\"http:\/\/felds.de\/wp-content\/uploads\/2017\/08\/IMG_0254.jpg\"><img loading=\"lazy\" src=\"http:\/\/felds.de\/wp-content\/uploads\/2017\/08\/IMG_0254-300x200.jpg\" alt=\"\" width=\"300\" height=\"200\" class=\"alignnone size-medium wp-image-1075\" srcset=\"https:\/\/felds.de\/wp-content\/uploads\/2017\/08\/IMG_0254-300x200.jpg 300w, https:\/\/felds.de\/wp-content\/uploads\/2017\/08\/IMG_0254-768x511.jpg 768w, https:\/\/felds.de\/wp-content\/uploads\/2017\/08\/IMG_0254-1024x681.jpg 1024w, https:\/\/felds.de\/wp-content\/uploads\/2017\/08\/IMG_0254-451x300.jpg 451w\" sizes=\"(max-width: 300px) 100vw, 300px\" \/><\/a><\/p>\n<p><a href=\"http:\/\/felds.de\/wp-content\/uploads\/2017\/08\/IMG_0255.jpg\"><img loading=\"lazy\" src=\"http:\/\/felds.de\/wp-content\/uploads\/2017\/08\/IMG_0255-300x300.jpg\" alt=\"\" width=\"300\" height=\"300\" class=\"alignnone size-medium wp-image-1076\" srcset=\"https:\/\/felds.de\/wp-content\/uploads\/2017\/08\/IMG_0255-300x300.jpg 300w, https:\/\/felds.de\/wp-content\/uploads\/2017\/08\/IMG_0255-150x150.jpg 150w, https:\/\/felds.de\/wp-content\/uploads\/2017\/08\/IMG_0255-768x769.jpg 768w, https:\/\/felds.de\/wp-content\/uploads\/2017\/08\/IMG_0255-1024x1024.jpg 1024w, https:\/\/felds.de\/wp-content\/uploads\/2017\/08\/IMG_0255.jpg 1666w\" sizes=\"(max-width: 300px) 100vw, 300px\" \/><\/a><\/p>\n<p>Zum Schluss noch ein Zitat von Oskar Wilde:<br \/>\nLeben, das ist das Allerseltenste in der Welt &#8211; die meisten Menschen existieren nur.<\/p>\n","protected":false},"excerpt":{"rendered":"<p>Mission: Norwegenkai entern Etappe: ein Tag auf See Ziel: Oslo Color Line ist eine norwegische Reederei welche uns schon des \u00d6fteren durch die Nordsee bef\u00f6rdert hat. Im Jahr 2016 bef\u00f6rderte Color Line mit sechs F\u00e4hrschiffen auf vier Routen 3,85 Millionen &hellip; <a href=\"https:\/\/felds.de\/?p=1072\">Weiterlesen <span class=\"meta-nav\">&rarr;<\/span><\/a><\/p>\n","protected":false},"author":1,"featured_media":0,"comment_status":"open","ping_status":"closed","sticky":false,"template":"","format":"standard","meta":[],"categories":[9],"tags":[],"_links":{"self":[{"href":"https:\/\/felds.de\/index.php?rest_route=\/wp\/v2\/posts\/1072"}],"collection":[{"href":"https:\/\/felds.de\/index.php?rest_route=\/wp\/v2\/posts"}],"about":[{"href":"https:\/\/felds.de\/index.php?rest_route=\/wp\/v2\/types\/post"}],"author":[{"embeddable":true,"href":"https:\/\/felds.de\/index.php?rest_route=\/wp\/v2\/users\/1"}],"replies":[{"embeddable":true,"href":"https:\/\/felds.de\/index.php?rest_route=%2Fwp%2Fv2%2Fcomments&post=1072"}],"version-history":[{"count":4,"href":"https:\/\/felds.de\/index.php?rest_route=\/wp\/v2\/posts\/1072\/revisions"}],"predecessor-version":[{"id":1079,"href":"https:\/\/felds.de\/index.php?rest_route=\/wp\/v2\/posts\/1072\/revisions\/1079"}],"wp:attachment":[{"href":"https:\/\/felds.de\/index.php?rest_route=%2Fwp%2Fv2%2Fmedia&parent=1072"}],"wp:term":[{"taxonomy":"category","embeddable":true,"href":"https:\/\/felds.de\/index.php?rest_route=%2Fwp%2Fv2%2Fcategories&post=1072"},{"taxonomy":"post_tag","embeddable":true,"href":"https:\/\/felds.de\/index.php?rest_route=%2Fwp%2Fv2%2Ftags&post=1072"}],"curies":[{"name":"wp","href":"https:\/\/api.w.org\/{rel}","templated":true}]}}