{"id":1060,"date":"2017-08-11T15:04:50","date_gmt":"2017-08-11T15:04:50","guid":{"rendered":"http:\/\/felds.de\/?p=1060"},"modified":"2017-08-11T15:04:50","modified_gmt":"2017-08-11T15:04:50","slug":"logbucheintrag-20170811","status":"publish","type":"post","link":"https:\/\/felds.de\/?p=1060","title":{"rendered":"Logbucheintrag 2017,0811"},"content":{"rendered":"<p><strong>Mission:<\/strong> Kick Off<br \/>\n<strong>Etappe:<\/strong> den Motor starten<br \/>\n<strong>Ziel:<\/strong> mal wieder Kiel<\/p>\n<p>Ich sitze vor den letzten Reisevorbereitungen und da dabei muss ich dr\u00fcber nachdenken wie ich wohl sp\u00e4ter auf mein Leben zur\u00fcck blicken m\u00f6chte, wenn ich alt und grau bin? Ich m\u00f6chte mich an die vielen Erlebnisse erinnern, die vielen Eindr\u00fccke hervorbringen die sich in mein Ged\u00e4chtnis eingebrannt haben. Ich m\u00f6chte sagen k\u00f6nnen ich hab mein Leben gelebt, ich hab die Welt bereist, die Natur erkundet, Menschen haben ihre Kultur und Ihr Leben mit mir geteilt und jede Begegnung hat mich im Leben bereichert &#8211; ich werde zur\u00fcckdenken und mich an die vielen gl\u00fccklichen Stunden erinnern. Also mache ich mich diesmal wieder auf den Weg um viele tolle Momente in meinem Ged\u00e4chtnis einzufrieren. Und f\u00fcr den Fall der F\u00e4lle da\u00df ich im Alter Alzheimer oder der Demenz erliege, halte ich die Erlebnisse in Wort und Bild fest &#8211; naja und nat\u00fcrlich auch f\u00fcr die flei\u00dfige Leserschaft <\/p>\n<p>Auch hat sich das Schreiben in der Zwischenzeit als dankbares Nachschlagewerk bew\u00e4hrt, sei es um Temperaturen, Orte, sch\u00f6ne Strecken oder Distanzen abzurufen, gerade in L\u00e4ndern in denen man schon mal war: so wie Norwegen. Daher werde ich diesmal in jedem Beitrag die folgenden Fakten ausf\u00fchrlich festhalten:<\/p>\n<p>Temperatur (F\/M\/A)<br \/>\nMust\/Don&#8217;t See<br \/>\nTagesetappe(Start\/Ende)<br \/>\ngefahrene km<br \/>\nEin Wort \/Satz in der Landessprache<\/p>\n<p>Diesmal sind wir mit 6 R\u00e4dern unterwegs: einem 4-Rad und einem 2-Rad  Unser Magnusmobil haben wir liebevoll schon bei der Jungfernfahrt in unser Herz geschlossen und ich hoffe er wird in den n\u00e4chsten Wochen mein treuer und verl\u00e4sslicher Gef\u00e4hrte&#8230; Soviel als kleiner Vorgeschmack eh wir uns morgen in Richtung Kiel bewegen &#8211; To be continued&#8230;<\/p>\n<p><a href=\"http:\/\/felds.de\/wp-content\/uploads\/2017\/08\/img_2432.jpg\"><img loading=\"lazy\" src=\"http:\/\/felds.de\/wp-content\/uploads\/2017\/08\/img_2432-300x225.jpg\" alt=\"\" width=\"300\" height=\"225\" class=\"alignnone size-medium wp-image-1053\" srcset=\"https:\/\/felds.de\/wp-content\/uploads\/2017\/08\/img_2432-300x225.jpg 300w, https:\/\/felds.de\/wp-content\/uploads\/2017\/08\/img_2432-768x576.jpg 768w, https:\/\/felds.de\/wp-content\/uploads\/2017\/08\/img_2432-1024x768.jpg 1024w, https:\/\/felds.de\/wp-content\/uploads\/2017\/08\/img_2432-400x300.jpg 400w\" sizes=\"(max-width: 300px) 100vw, 300px\" \/><\/a><\/p>\n<p><a href=\"http:\/\/felds.de\/wp-content\/uploads\/2017\/08\/image1.jpg\"><img loading=\"lazy\" src=\"http:\/\/felds.de\/wp-content\/uploads\/2017\/08\/image1-300x225.jpg\" alt=\"\" width=\"300\" height=\"225\" class=\"alignnone size-medium wp-image-1052\" srcset=\"https:\/\/felds.de\/wp-content\/uploads\/2017\/08\/image1-300x225.jpg 300w, https:\/\/felds.de\/wp-content\/uploads\/2017\/08\/image1-768x576.jpg 768w, https:\/\/felds.de\/wp-content\/uploads\/2017\/08\/image1-1024x768.jpg 1024w, https:\/\/felds.de\/wp-content\/uploads\/2017\/08\/image1-400x300.jpg 400w\" sizes=\"(max-width: 300px) 100vw, 300px\" \/><\/a><\/p>\n","protected":false},"excerpt":{"rendered":"<p>Mission: Kick Off Etappe: den Motor starten Ziel: mal wieder Kiel Ich sitze vor den letzten Reisevorbereitungen und da dabei muss ich dr\u00fcber nachdenken wie ich wohl sp\u00e4ter auf mein Leben zur\u00fcck blicken m\u00f6chte, wenn ich alt und grau bin? &hellip; <a href=\"https:\/\/felds.de\/?p=1060\">Weiterlesen <span class=\"meta-nav\">&rarr;<\/span><\/a><\/p>\n","protected":false},"author":1,"featured_media":0,"comment_status":"open","ping_status":"closed","sticky":false,"template":"","format":"standard","meta":[],"categories":[9],"tags":[],"_links":{"self":[{"href":"https:\/\/felds.de\/index.php?rest_route=\/wp\/v2\/posts\/1060"}],"collection":[{"href":"https:\/\/felds.de\/index.php?rest_route=\/wp\/v2\/posts"}],"about":[{"href":"https:\/\/felds.de\/index.php?rest_route=\/wp\/v2\/types\/post"}],"author":[{"embeddable":true,"href":"https:\/\/felds.de\/index.php?rest_route=\/wp\/v2\/users\/1"}],"replies":[{"embeddable":true,"href":"https:\/\/felds.de\/index.php?rest_route=%2Fwp%2Fv2%2Fcomments&post=1060"}],"version-history":[{"count":1,"href":"https:\/\/felds.de\/index.php?rest_route=\/wp\/v2\/posts\/1060\/revisions"}],"predecessor-version":[{"id":1061,"href":"https:\/\/felds.de\/index.php?rest_route=\/wp\/v2\/posts\/1060\/revisions\/1061"}],"wp:attachment":[{"href":"https:\/\/felds.de\/index.php?rest_route=%2Fwp%2Fv2%2Fmedia&parent=1060"}],"wp:term":[{"taxonomy":"category","embeddable":true,"href":"https:\/\/felds.de\/index.php?rest_route=%2Fwp%2Fv2%2Fcategories&post=1060"},{"taxonomy":"post_tag","embeddable":true,"href":"https:\/\/felds.de\/index.php?rest_route=%2Fwp%2Fv2%2Ftags&post=1060"}],"curies":[{"name":"wp","href":"https:\/\/api.w.org\/{rel}","templated":true}]}}