{"id":1016,"date":"2017-02-27T17:37:40","date_gmt":"2017-02-27T17:37:40","guid":{"rendered":"http:\/\/felds.de\/?p=1016"},"modified":"2020-07-30T16:44:23","modified_gmt":"2020-07-30T16:44:23","slug":"logbucheintrag-20170225","status":"publish","type":"post","link":"https:\/\/felds.de\/?p=1016","title":{"rendered":"Logbucheintrag 2017,0225"},"content":{"rendered":"<p><strong>Mission<\/strong>: den letzten Tag genie\u00dfen<br \/>\n<strong>Etappe<\/strong>: Auf und ab<br \/>\n<strong>Ziel<\/strong>: Westfjorde und Blue Lagoon<\/p>\n<p>Es ist Samstag Vormittag als wir die letzte Tour angehen &#8211; wir wollen heute noch den Westen der Insel etwas erkunden. Wir besuchen den gr\u00f6\u00dften Fjord der Insel &#8211; umgeben von malerischen schwarzen Bergen, die bis zum Wasser reichen genie\u00dfen wir die Sonne &#8211; gehen aber immer wieder vor den noch immer wieder kehrenden Winden in Deckung.<\/p>\n<p><a href=\"http:\/\/felds.de\/wp-content\/uploads\/2017\/02\/IMG_0896.jpg\"><img loading=\"lazy\" class=\"alignnone size-medium wp-image-1018\" src=\"http:\/\/felds.de\/wp-content\/uploads\/2017\/02\/IMG_0896-300x167.jpg\" alt=\"\" width=\"300\" height=\"167\" srcset=\"https:\/\/felds.de\/wp-content\/uploads\/2017\/02\/IMG_0896-300x167.jpg 300w, https:\/\/felds.de\/wp-content\/uploads\/2017\/02\/IMG_0896-768x427.jpg 768w, https:\/\/felds.de\/wp-content\/uploads\/2017\/02\/IMG_0896-1024x570.jpg 1024w, https:\/\/felds.de\/wp-content\/uploads\/2017\/02\/IMG_0896-500x278.jpg 500w, https:\/\/felds.de\/wp-content\/uploads\/2017\/02\/IMG_0896.jpg 2048w\" sizes=\"(max-width: 300px) 100vw, 300px\" \/><\/a><\/p>\n<p><a href=\"http:\/\/felds.de\/wp-content\/uploads\/2017\/02\/IMG_0897.jpg\"><img loading=\"lazy\" class=\"alignnone size-medium wp-image-1019\" src=\"http:\/\/felds.de\/wp-content\/uploads\/2017\/02\/IMG_0897-300x166.jpg\" alt=\"\" width=\"300\" height=\"166\" srcset=\"https:\/\/felds.de\/wp-content\/uploads\/2017\/02\/IMG_0897-300x166.jpg 300w, https:\/\/felds.de\/wp-content\/uploads\/2017\/02\/IMG_0897-768x426.jpg 768w, https:\/\/felds.de\/wp-content\/uploads\/2017\/02\/IMG_0897-1024x568.jpg 1024w, https:\/\/felds.de\/wp-content\/uploads\/2017\/02\/IMG_0897-500x277.jpg 500w, https:\/\/felds.de\/wp-content\/uploads\/2017\/02\/IMG_0897.jpg 2048w\" sizes=\"(max-width: 300px) 100vw, 300px\" \/><\/a><\/p>\n<p>Den Abend verbringen wir in der Blauen Lagune: <strong>Bl\u00e1a L\u00f3ni\u00f0<\/strong>. Der See entstand als \u201eAbwasserprodukt\u201c des nahe gelegenen Geothermalkraftwerkes, das die Energie eines Vulkansystems nutzt. Dort wird ein Gemisch aus Meer- und S\u00fc\u00dfwasser aus einer Tiefe von etwa 2000 Meter, das in dieser Tiefe bis zu 240 \u00b0C hei\u00df wird, zur Oberfl\u00e4che gepumpt, wo es zur Stromerzeugung und zum Betrieb eines Fernw\u00e4rmenetzes genutzt wird. Anschlie\u00dfend flie\u00dft es in das umliegende Lavafeld. So bildete sich dort ein Salzwassersee in der typisch blau-wei\u00dfen Farbe, die von Kieselalgen herr\u00fchrt. Zuerst kam die lokale Bev\u00f6lkerung auf die Idee, darin zu baden, bis schlie\u00dflich das Thermalbad errichtet wurde. Dieses pumpt mittlerweile auch eigenes Thermalwasser aus der Erde. Naja wenn es dunkel ist, ist das &#8222;Brackwasser&#8220; nicht blau sondern gr\u00fcn, aber auf jeden Fall sehenswert. Und soll ich euch was sagen: JA! Ich war da drin baden, wer mich kennt wei\u00df ich geh nicht sonderlich gern in &#8222;Badeanstalten&#8220; ich schwimme zwar gern weit raus in meiner eigenen Badewanne, aber Badeseen oder Schwimm-\/Freib\u00e4der meide ich. Aber bei Schneefall und 38 Grad Wasser Temperatur mache ich eine Ausnahme &#8211; und wer kann schon von sich behaupten in einem Lavafeld gebadet zu haben.<br \/>\nHenryk ist da noch mutiger als ich: er m\u00f6chte gerne ein Paar Sekunden verj\u00fcngt werden und schmiert sich eine ganz besondere Mischung aus Kieselerde, Algen und Mineralsalze ins Gesicht.<\/p>\n<p><a href=\"http:\/\/felds.de\/wp-content\/uploads\/2017\/02\/IMG_0898.jpg\"><img loading=\"lazy\" class=\"alignnone size-medium wp-image-1021\" src=\"http:\/\/felds.de\/wp-content\/uploads\/2017\/02\/IMG_0898-300x168.jpg\" alt=\"\" width=\"300\" height=\"168\" srcset=\"https:\/\/felds.de\/wp-content\/uploads\/2017\/02\/IMG_0898-300x168.jpg 300w, https:\/\/felds.de\/wp-content\/uploads\/2017\/02\/IMG_0898-768x429.jpg 768w, https:\/\/felds.de\/wp-content\/uploads\/2017\/02\/IMG_0898-1024x572.jpg 1024w, https:\/\/felds.de\/wp-content\/uploads\/2017\/02\/IMG_0898-500x279.jpg 500w, https:\/\/felds.de\/wp-content\/uploads\/2017\/02\/IMG_0898.jpg 2048w\" sizes=\"(max-width: 300px) 100vw, 300px\" \/><\/a><\/p>\n<p><a href=\"http:\/\/felds.de\/wp-content\/uploads\/2017\/02\/IMG_0899.jpg\"><img loading=\"lazy\" class=\"alignnone size-medium wp-image-1022\" src=\"http:\/\/felds.de\/wp-content\/uploads\/2017\/02\/IMG_0899-300x162.jpg\" alt=\"\" width=\"300\" height=\"162\" srcset=\"https:\/\/felds.de\/wp-content\/uploads\/2017\/02\/IMG_0899-300x162.jpg 300w, https:\/\/felds.de\/wp-content\/uploads\/2017\/02\/IMG_0899-768x414.jpg 768w, https:\/\/felds.de\/wp-content\/uploads\/2017\/02\/IMG_0899-1024x553.jpg 1024w, https:\/\/felds.de\/wp-content\/uploads\/2017\/02\/IMG_0899-500x270.jpg 500w, https:\/\/felds.de\/wp-content\/uploads\/2017\/02\/IMG_0899.jpg 2046w\" sizes=\"(max-width: 300px) 100vw, 300px\" \/><\/a><\/p>\n<p><a href=\"http:\/\/felds.de\/wp-content\/uploads\/2017\/02\/IMG_0903.jpg\"><img loading=\"lazy\" class=\"alignnone size-medium wp-image-1024\" src=\"http:\/\/felds.de\/wp-content\/uploads\/2017\/02\/IMG_0903-300x178.jpg\" alt=\"\" width=\"300\" height=\"178\" srcset=\"https:\/\/felds.de\/wp-content\/uploads\/2017\/02\/IMG_0903-300x178.jpg 300w, https:\/\/felds.de\/wp-content\/uploads\/2017\/02\/IMG_0903-768x456.jpg 768w, https:\/\/felds.de\/wp-content\/uploads\/2017\/02\/IMG_0903-1024x608.jpg 1024w, https:\/\/felds.de\/wp-content\/uploads\/2017\/02\/IMG_0903-500x297.jpg 500w, https:\/\/felds.de\/wp-content\/uploads\/2017\/02\/IMG_0903.jpg 2043w\" sizes=\"(max-width: 300px) 100vw, 300px\" \/><\/a><\/p>\n<p>Als wir gg. 22:00 Uhr die Lagune verlassen ahnen wir noch nicht was auf uns zukommt.<\/p>\n<p>Das Abenteuer Island endet in einem absoluten H\u00f6hepunkt oder besser gesagt <strong>Schneechaos<\/strong>.<\/p>\n<p>Als wir zur\u00fcck zum Haus fahren wird meine Prophezeiung war, die ich am 1sten Abend in Island gemacht habe &#8211; wir werden eingeschneit, eingeschneit, so was von hat die Welt noch nicht gesehen. Es beginnt allm\u00e4hlich: dicke Flocken, die je gefahrenen km dicker und dichter werden &#8211; wir m\u00fcssen \u00fcber einen 230m hohen Pass als wir kaum noch 1m Sicht haben &#8211; Henryk man\u00f6vriert hochkonzentriert das Auto durch das Chaos &#8211; die Stra\u00dfe sehen wir nur auf gut Gl\u00fcck. Aufgrund der gro\u00dfen Anspannung beiderseits gibt es davon leider kein Foto &#8211; allerdings h\u00e4tte mal vermutlich sowieso nicht als wei\u00dfer Nebel darauf erkennen k\u00f6nnen.<br \/>\n3 Stunden sp\u00e4ter sind wir am Haus &#8211; f\u00fcr 120 km &#8211; eine Strecke die man normalerweise in 1 3\/4 Stunden f\u00e4hrt. Ein Gl\u00fcck das wir Allrad haben, also nicht wir sondern das Auto &#8211; ansonsten w\u00e4ren wir definitiv irgendwo stecken geblieben. Wir packen unserer 7 Sachen und beschlie\u00dfen sofort an den Flughafen zu fahren &#8211; weil das Schneechaos kein Ende nimmt.<br \/>\nDiesmal weichen wir \u00fcber eine Alternativ Route nach Keflavik aus &#8211; aber die vermeintlich bessere Strecke ist zum Schneechaos verurteilt.<\/p>\n<p>Immer wieder m\u00fcssen wir stehen bleiben und die Scheibenwischer vom Eis befreien.<\/p>\n<p><a href=\"http:\/\/felds.de\/wp-content\/uploads\/2017\/02\/IMG_2241.png\"><img loading=\"lazy\" class=\"alignnone size-medium wp-image-1028\" src=\"http:\/\/felds.de\/wp-content\/uploads\/2017\/02\/IMG_2241-300x169.png\" alt=\"\" width=\"300\" height=\"169\" srcset=\"https:\/\/felds.de\/wp-content\/uploads\/2017\/02\/IMG_2241-300x169.png 300w, https:\/\/felds.de\/wp-content\/uploads\/2017\/02\/IMG_2241-768x433.png 768w, https:\/\/felds.de\/wp-content\/uploads\/2017\/02\/IMG_2241-1024x577.png 1024w, https:\/\/felds.de\/wp-content\/uploads\/2017\/02\/IMG_2241-500x282.png 500w, https:\/\/felds.de\/wp-content\/uploads\/2017\/02\/IMG_2241.png 1136w\" sizes=\"(max-width: 300px) 100vw, 300px\" \/><\/a><\/p>\n<p>&nbsp;<\/p>\n<p><a href=\"http:\/\/felds.de\/wp-content\/uploads\/2017\/02\/IMG_2243.png\"><img loading=\"lazy\" class=\"alignnone size-medium wp-image-1030\" src=\"http:\/\/felds.de\/wp-content\/uploads\/2017\/02\/IMG_2243-300x169.png\" alt=\"\" width=\"300\" height=\"169\" srcset=\"https:\/\/felds.de\/wp-content\/uploads\/2017\/02\/IMG_2243-300x169.png 300w, https:\/\/felds.de\/wp-content\/uploads\/2017\/02\/IMG_2243-768x433.png 768w, https:\/\/felds.de\/wp-content\/uploads\/2017\/02\/IMG_2243-1024x577.png 1024w, https:\/\/felds.de\/wp-content\/uploads\/2017\/02\/IMG_2243-500x282.png 500w, https:\/\/felds.de\/wp-content\/uploads\/2017\/02\/IMG_2243.png 1136w\" sizes=\"(max-width: 300px) 100vw, 300px\" \/><\/a><\/p>\n<p>Gegen 4:00 Uhr morgens (also wieder 3 Std. sp\u00e4ter) erreichen wir den Flughafen &#8211; erleichtert, aber total \u00fcberm\u00fcdet lassen wir die Flughafen Prozedur \u00fcber uns ergehen &#8211; um dann zu erfahren die Maschine wird wg. dem dichten Schneefall erst 2 Std. sp\u00e4ter starten &#8211; w\u00e4hrend wir warten, treffen wir das junge Paar, das ich im letzten Beitrag erw\u00e4hnt hatte.<\/p>\n<p>Summa Summarum k\u00f6nnen wir sagen: Wir haben das Echte, das Raue, das Wilde Island entdeckt &#8211; ein tolles Erlebnis. Wenn mir jemand erz\u00e4hlt er war in Island, werde ich zuk\u00fcnftig fragen: &#8222;Warst du im Winter?&#8220; Wenn nein, warst du nicht im echten Island.<\/p>\n<p>Mit diesem Fazit verabschiede ich mich, bedanke mich f\u00fcr die Leserschaft und verbleibe bis zum n\u00e4chsten Mal&#8230;<\/p>\n<p>Let&#8217;s stay tuned.<\/p>\n<p><a href=\"http:\/\/felds.de\/wp-content\/uploads\/2017\/02\/IMG_0904.jpg\"><img loading=\"lazy\" class=\"alignnone size-medium wp-image-1032\" src=\"http:\/\/felds.de\/wp-content\/uploads\/2017\/02\/IMG_0904-300x165.jpg\" alt=\"\" width=\"300\" height=\"165\" srcset=\"https:\/\/felds.de\/wp-content\/uploads\/2017\/02\/IMG_0904-300x165.jpg 300w, https:\/\/felds.de\/wp-content\/uploads\/2017\/02\/IMG_0904-768x423.jpg 768w, https:\/\/felds.de\/wp-content\/uploads\/2017\/02\/IMG_0904-1024x564.jpg 1024w, https:\/\/felds.de\/wp-content\/uploads\/2017\/02\/IMG_0904-500x275.jpg 500w, https:\/\/felds.de\/wp-content\/uploads\/2017\/02\/IMG_0904.jpg 2046w\" sizes=\"(max-width: 300px) 100vw, 300px\" \/><\/a><\/p>\n","protected":false},"excerpt":{"rendered":"<p>Mission: den letzten Tag genie\u00dfen Etappe: Auf und ab Ziel: Westfjorde und Blue Lagoon Es ist Samstag Vormittag als wir die letzte Tour angehen &#8211; wir wollen heute noch den Westen der Insel etwas erkunden. Wir besuchen den gr\u00f6\u00dften Fjord &hellip; <a href=\"https:\/\/felds.de\/?p=1016\">Weiterlesen <span class=\"meta-nav\">&rarr;<\/span><\/a><\/p>\n","protected":false},"author":1,"featured_media":0,"comment_status":"open","ping_status":"closed","sticky":false,"template":"","format":"standard","meta":[],"categories":[15],"tags":[],"_links":{"self":[{"href":"https:\/\/felds.de\/index.php?rest_route=\/wp\/v2\/posts\/1016"}],"collection":[{"href":"https:\/\/felds.de\/index.php?rest_route=\/wp\/v2\/posts"}],"about":[{"href":"https:\/\/felds.de\/index.php?rest_route=\/wp\/v2\/types\/post"}],"author":[{"embeddable":true,"href":"https:\/\/felds.de\/index.php?rest_route=\/wp\/v2\/users\/1"}],"replies":[{"embeddable":true,"href":"https:\/\/felds.de\/index.php?rest_route=%2Fwp%2Fv2%2Fcomments&post=1016"}],"version-history":[{"count":8,"href":"https:\/\/felds.de\/index.php?rest_route=\/wp\/v2\/posts\/1016\/revisions"}],"predecessor-version":[{"id":1411,"href":"https:\/\/felds.de\/index.php?rest_route=\/wp\/v2\/posts\/1016\/revisions\/1411"}],"wp:attachment":[{"href":"https:\/\/felds.de\/index.php?rest_route=%2Fwp%2Fv2%2Fmedia&parent=1016"}],"wp:term":[{"taxonomy":"category","embeddable":true,"href":"https:\/\/felds.de\/index.php?rest_route=%2Fwp%2Fv2%2Fcategories&post=1016"},{"taxonomy":"post_tag","embeddable":true,"href":"https:\/\/felds.de\/index.php?rest_route=%2Fwp%2Fv2%2Ftags&post=1016"}],"curies":[{"name":"wp","href":"https:\/\/api.w.org\/{rel}","templated":true}]}}